{"id":59170,"date":"2026-09-03T20:55:20","date_gmt":"2026-09-03T20:55:20","guid":{"rendered":"https:\/\/radiocresatelital.com\/?p=59170"},"modified":"2026-09-03T20:55:20","modified_gmt":"2026-09-03T20:55:20","slug":"atd-amplia-servicios-para-los-usuarios-y-fortalece-el-equipamiento-de-sus-agentes-de-transito","status":"publish","type":"post","link":"https:\/\/radiocresatelital.com\/?p=59170","title":{"rendered":"ATD ampl\u00eda servicios para los usuarios y fortalece el equipamiento de sus agentes de tr\u00e1nsito"},"content":{"rendered":"<p>Dur\u00e1n.- Gracias a la intervenci\u00f3n de la Polic\u00eda Nacional, la Autoridad de Tr\u00e1nsito de Dur\u00e1n (ATD) contin\u00faa fortaleciendo su gesti\u00f3n con la incorporaci\u00f3n y reactivaci\u00f3n de servicios, as\u00ed como con acciones orientadas a atender requerimientos pendientes de los usuarios y mejorar las condiciones de trabajo de los agentes de tr\u00e1nsito.<\/p>\n<p>Como parte de estas acciones, el Tcnl. Joffre L\u00f3pez Ruano, Jefe de la Subjefatura de Control de Tr\u00e1nsito y Seguridad Vial de Dur\u00e1n, realiz\u00f3 la entrega de placas provisionales a usuarios en el Centro de Revisi\u00f3n T\u00e9cnica Vehicular de Dur\u00e1n (CRTV), marcando la puesta en marcha de un servicio que permitir\u00e1 brindar una alternativa a los propietarios de veh\u00edculos que requieren contar con este documento.<\/p>\n<p>Este avance cobra especial importancia debido a que, desde la emisi\u00f3n de la resoluci\u00f3n de la Agencia Nacional de Tr\u00e1nsito (ANT) en el a\u00f1o 2024, en Dur\u00e1n no se hab\u00eda implementado la entrega de placas provisionales. En la actual gesti\u00f3n se realizaron las acciones necesarias para habilitar este servicio y ponerlo a disposici\u00f3n de la ciudadan\u00eda.<\/p>\n<p>De acuerdo con la regulaci\u00f3n establecida por la ANT, las placas provisionales tienen una vigencia de 180 d\u00edas y pueden renovarse por una sola ocasi\u00f3n.<\/p>\n<p>La emisi\u00f3n de placas provisionales se suma al proceso de canje de matr\u00edculas expedidas provisionalmente por matr\u00edculas originales, as\u00ed como a la habilitaci\u00f3n de servicios que permiten ampliar progresivamente la capacidad de atenci\u00f3n de la ATD.<\/p>\n<p>Entre estos se encuentran la transferencia de dominio, duplicado de adhesivos y certificados de Revisi\u00f3n T\u00e9cnica Vehicular (RTV), bloqueo y desbloqueo de veh\u00edculos, Certificado \u00danico Vehicular, certificado de cumplimiento para la renovaci\u00f3n de la matr\u00edcula anual y verificaci\u00f3n de chasis y motor.<\/p>\n<p>Con la incorporaci\u00f3n de estos servicios y la atenci\u00f3n de tr\u00e1mites que requer\u00edan una respuesta, la ATD contin\u00faa ejecutando las acciones necesarias para avanzar en la soluci\u00f3n de esta situaci\u00f3n y atender las necesidades de miles de usuarios, facilitando sus procesos y ampliando las alternativas disponibles para realizar sus tr\u00e1mites vehiculares.<\/p>\n<p><strong>187 kits impermeables para los agentes de tr\u00e1nsito<\/strong><\/p>\n<p>Las acciones tambi\u00e9n est\u00e1n dirigidas al fortalecimiento del personal que diariamente trabaja en territorio. En el Polideportivo Max Cortez, el Tcnl. Joffre L\u00f3pez, junto al Gerente Subrogante de la ATD, Wilson Torres Raza, realiz\u00f3 la entrega de 187 kits de impermeables a los agentes de tr\u00e1nsito, con el objetivo de brindarles mayor protecci\u00f3n ante las fuertes lluvias que se registran durante la temporada invernal.<\/p>\n<p>Cada kit est\u00e1 compuesto por chompa impermeable, pantal\u00f3n con cinta reflectiva y gorra tipo safari impermeable, implementos que permitir\u00e1n a los agentes desarrollar sus jornadas con mayor protecci\u00f3n y seguridad frente a las condiciones clim\u00e1ticas adversas.<\/p>\n<p>La entrega responde a la necesidad de contar con personal debidamente equipado para continuar con las labores de control, regulaci\u00f3n y asistencia en las v\u00edas, especialmente durante las jornadas de lluvia.<\/p>\n<p>De esta manera, la ATD contin\u00faa avanzando en dos frentes fundamentales: mejorar la atenci\u00f3n y ampliar los servicios disponibles para los usuarios, y fortalecer las condiciones de trabajo del personal que diariamente se encuentra en las calles al servicio de Dur\u00e1n.<\/p>\n","protected":false},"excerpt":{"rendered":"<p>Dur\u00e1n.- Gracias a la intervenci\u00f3n de la Polic\u00eda Nacional, la Autoridad de Tr\u00e1nsito de Dur\u00e1n (ATD) contin\u00faa fortaleciendo su gesti\u00f3n con la incorporaci\u00f3n y reactivaci\u00f3n de servicios, as\u00ed como con acciones orientadas a atender requerimientos pendientes de los usuarios y mejorar las condiciones de trabajo de los agentes de tr\u00e1nsito. Como parte de estas acciones, [&hellip;]<\/p>\n","protected":false},"author":2,"featured_media":59171,"comment_status":"open","ping_status":"closed","sticky":false,"template":"","format":"standard","meta":{"footnotes":""},"categories":[13],"tags":[6392],"class_list":["post-59170","post","type-post","status-publish","format-standard","has-post-thumbnail","hentry","category-noticias-nacionales","tag-autoridad-de-transito-de-duran"],"_links":{"self":[{"href":"https:\/\/radiocresatelital.com\/index.php?rest_route=\/wp\/v2\/posts\/59170","targetHints":{"allow":["GET"]}}],"collection":[{"href":"https:\/\/radiocresatelital.com\/index.php?rest_route=\/wp\/v2\/posts"}],"about":[{"href":"https:\/\/radiocresatelital.com\/index.php?rest_route=\/wp\/v2\/types\/post"}],"author":[{"embeddable":true,"href":"https:\/\/radiocresatelital.com\/index.php?rest_route=\/wp\/v2\/users\/2"}],"replies":[{"embeddable":true,"href":"https:\/\/radiocresatelital.com\/index.php?rest_route=%2Fwp%2Fv2%2Fcomments&post=59170"}],"version-history":[{"count":1,"href":"https:\/\/radiocresatelital.com\/index.php?rest_route=\/wp\/v2\/posts\/59170\/revisions"}],"predecessor-version":[{"id":59173,"href":"https:\/\/radiocresatelital.com\/index.php?rest_route=\/wp\/v2\/posts\/59170\/revisions\/59173"}],"wp:featuredmedia":[{"embeddable":true,"href":"https:\/\/radiocresatelital.com\/index.php?rest_route=\/wp\/v2\/media\/59171"}],"wp:attachment":[{"href":"https:\/\/radiocresatelital.com\/index.php?rest_route=%2Fwp%2Fv2%2Fmedia&parent=59170"}],"wp:term":[{"taxonomy":"category","embeddable":true,"href":"https:\/\/radiocresatelital.com\/index.php?rest_route=%2Fwp%2Fv2%2Fcategories&post=59170"},{"taxonomy":"post_tag","embeddable":true,"href":"https:\/\/radiocresatelital.com\/index.php?rest_route=%2Fwp%2Fv2%2Ftags&post=59170"}],"curies":[{"name":"wp","href":"https:\/\/api.w.org\/{rel}","templated":true}]}}