{"id":59166,"date":"2026-09-03T20:44:16","date_gmt":"2026-09-03T20:44:16","guid":{"rendered":"https:\/\/radiocresatelital.com\/?p=59166"},"modified":"2026-09-03T20:44:16","modified_gmt":"2026-09-03T20:44:16","slug":"la-perla-del-pacifico-impulsa-su-liderazgo-internacional-con-la-designacion-de-embajadores-del-segmento-mice","status":"publish","type":"post","link":"https:\/\/radiocresatelital.com\/?p=59166","title":{"rendered":"La Perla del Pac\u00edfico impulsa su liderazgo internacional con la designaci\u00f3n de Embajadores del segmento MICE"},"content":{"rendered":"<p>Guayaquil.- Con el prop\u00f3sito de consolidar a Guayaquil como un destino de referencia para congresos, convenciones y encuentros internacionales, el Municipio de Guayaquil, a trav\u00e9s de la Direcci\u00f3n General de Turismo y Eventos Especiales, reconoci\u00f3 a 20 destacados profesionales y l\u00edderes del sector tur\u00edstico, hotelero y de eventos como Embajadores de Guayaquil para el per\u00edodo 2026-2029.<\/p>\n<p>La designaci\u00f3n, aprobada por el Concejo Municipal, fortalece la estrategia de promoci\u00f3n de la ciudad en el segmento MICE (Meetings, Incentives, Conferences and Exhibitions), impulsando la captaci\u00f3n de eventos nacionales e internacionales que generan desarrollo econ\u00f3mico, acad\u00e9mico y tur\u00edstico.<\/p>\n<p>La directora de Turismo y Eventos Especiales, Tahiz Panus, destac\u00f3 el valor estrat\u00e9gico de esta iniciativa y la importancia de sumar esfuerzos entre el sector p\u00fablico y privado. \u201cGracias a nuestros embajadores vamos a poder impulsar de manera m\u00e1s eficaz porque van a sectorizar sus eventos dentro de Guayaquil. Son personas de destacada trayectoria que, aparte de tener credibilidad en el \u00e1rea en la que se desempe\u00f1an, nos traen inversi\u00f3n a la ciudad, lo hac\u00edan solos ahora junto con el municipio van a poder producir much\u00edsimo\u201d, enfatiz\u00f3.<\/p>\n<p>Los nuevos embajadores asumir\u00e1n un papel clave en la promoci\u00f3n de Guayaquil como sede de encuentros especializados, aprovechando su experiencia, liderazgo y redes profesionales para atraer eventos de alto impacto que contribuyan al posicionamiento internacional de la ciudad. Entre ellos se encuentra Iv\u00e1n Altamirano, m\u00e9dico gineco-obstetra y actual presidente de la Federaci\u00f3n Latinoamericana de Sociedades de Obstetricia y Ginecolog\u00eda (FLASOG), quien se\u00f1al\u00f3 que \u201ceste reconocimiento me motiva a crecer y a traer eventos para fortalecer la ciencia y el turismo de nuestra ciudad\u201d.<\/p>\n<p>Por su parte, Vanesa Lam, fundadora y directora de comunicaci\u00f3n de Ecuafood y presidenta de ALARP cap\u00edtulo Ecuador, resalt\u00f3 la importancia de este reconocimiento y del trabajo conjunto para fortalecer la proyecci\u00f3n de Guayaquil. \u201cEs un compromiso y reconocimiento a todo lo que venimos haciendo por m\u00e1s de 20 a\u00f1os en el sector y hace 10 a\u00f1os en Latinoam\u00e9rica. Desde su gesti\u00f3n, el municipio de Guayaquil nos brinda un apoyo invaluable, lo cual marca la diferencia en nuestra labor\u201d, expres\u00f3.<\/p>\n<p>Adem\u00e1s, manifest\u00f3 que \u201cesa articulaci\u00f3n de empresa, comunicaci\u00f3n, instituci\u00f3n p\u00fablica o privada es important\u00edsimo porque hace realmente la colaboraci\u00f3n que necesitamos para que la ciudad salga adelante\u201d.<\/p>\n<p>Embajadores de Guayaquil 2026-2029<br \/>\nAlberto Rigail<br \/>\nJos\u00e9 Ollague<br \/>\nPablo Campana<br \/>\nSilvia Crespo<br \/>\nAndr\u00e9s Rivadeneira<br \/>\nEduardo Rivas<br \/>\nIsaac Y\u00e9pez<br \/>\nHamilton Lama<br \/>\nBernardo Moreira<br \/>\nJonathan Calle<br \/>\nAlfredo Arizala<br \/>\nGuillermo Campuzano<br \/>\nAlba Zanabria<br \/>\nIv\u00e1n Altamirano<br \/>\nVanessa Lam<br \/>\nMargarita Hall<br \/>\nAna Villanueva<br \/>\nPatricia El\u00edas<\/p>\n<p>Con esta designaci\u00f3n, Guayaquil fortalece su red de aliados estrat\u00e9gicos y reafirma su apuesta por el segmento MICE como motor de promoci\u00f3n internacional, inversi\u00f3n y desarrollo para la ciudad.<\/p>\n","protected":false},"excerpt":{"rendered":"<p>Guayaquil.- Con el prop\u00f3sito de consolidar a Guayaquil como un destino de referencia para congresos, convenciones y encuentros internacionales, el Municipio de Guayaquil, a trav\u00e9s de la Direcci\u00f3n General de Turismo y Eventos Especiales, reconoci\u00f3 a 20 destacados profesionales y l\u00edderes del sector tur\u00edstico, hotelero y de eventos como Embajadores de Guayaquil para el per\u00edodo [&hellip;]<\/p>\n","protected":false},"author":2,"featured_media":59167,"comment_status":"open","ping_status":"closed","sticky":false,"template":"","format":"standard","meta":{"footnotes":""},"categories":[13],"tags":[4567,9817,114],"class_list":["post-59166","post","type-post","status-publish","format-standard","has-post-thumbnail","hentry","category-noticias-nacionales","tag-direccion-general-de-turismo-y-eventos-especiales","tag-embajadores-de-guayaquil","tag-municipio-de-guayaquil"],"_links":{"self":[{"href":"https:\/\/radiocresatelital.com\/index.php?rest_route=\/wp\/v2\/posts\/59166","targetHints":{"allow":["GET"]}}],"collection":[{"href":"https:\/\/radiocresatelital.com\/index.php?rest_route=\/wp\/v2\/posts"}],"about":[{"href":"https:\/\/radiocresatelital.com\/index.php?rest_route=\/wp\/v2\/types\/post"}],"author":[{"embeddable":true,"href":"https:\/\/radiocresatelital.com\/index.php?rest_route=\/wp\/v2\/users\/2"}],"replies":[{"embeddable":true,"href":"https:\/\/radiocresatelital.com\/index.php?rest_route=%2Fwp%2Fv2%2Fcomments&post=59166"}],"version-history":[{"count":1,"href":"https:\/\/radiocresatelital.com\/index.php?rest_route=\/wp\/v2\/posts\/59166\/revisions"}],"predecessor-version":[{"id":59168,"href":"https:\/\/radiocresatelital.com\/index.php?rest_route=\/wp\/v2\/posts\/59166\/revisions\/59168"}],"wp:featuredmedia":[{"embeddable":true,"href":"https:\/\/radiocresatelital.com\/index.php?rest_route=\/wp\/v2\/media\/59167"}],"wp:attachment":[{"href":"https:\/\/radiocresatelital.com\/index.php?rest_route=%2Fwp%2Fv2%2Fmedia&parent=59166"}],"wp:term":[{"taxonomy":"category","embeddable":true,"href":"https:\/\/radiocresatelital.com\/index.php?rest_route=%2Fwp%2Fv2%2Fcategories&post=59166"},{"taxonomy":"post_tag","embeddable":true,"href":"https:\/\/radiocresatelital.com\/index.php?rest_route=%2Fwp%2Fv2%2Ftags&post=59166"}],"curies":[{"name":"wp","href":"https:\/\/api.w.org\/{rel}","templated":true}]}}