{"id":59163,"date":"2026-09-03T20:38:50","date_gmt":"2026-09-03T20:38:50","guid":{"rendered":"https:\/\/radiocresatelital.com\/?p=59163"},"modified":"2026-09-03T20:38:50","modified_gmt":"2026-09-03T20:38:50","slug":"plaza-guayarte-impulsa-el-turismo-y-la-gastronomia-local-con-la-yapita-en-septiembre","status":"publish","type":"post","link":"https:\/\/radiocresatelital.com\/?p=59163","title":{"rendered":"Plaza Guayarte impulsa el turismo y la gastronom\u00eda local con \u201cLa Yapita\u201d en septiembre"},"content":{"rendered":"<p>Guayaquil.- Como parte de las actividades por el Mes del Turismo, Plaza Guayarte presenta \u201cLa Yapita\u201d, una iniciativa que suma promociones exclusivas, beneficios especiales y nuevas experiencias gastron\u00f3micas para incentivar la visita de ciudadanos y turistas a uno de los espacios p\u00fablicos m\u00e1s emblem\u00e1ticos de Guayaquil.<\/p>\n<p>La propuesta busca convertir cada recorrido por Plaza Guayarte en una oportunidad para descubrir sabores, compartir en familia o con amigos y apoyar a los negocios que forman parte de este punto de encuentro urbano. De esta manera, la ciudad fortalece espacios que impulsan la actividad econ\u00f3mica, promueven el consumo local y enriquecen la experiencia de quienes disfrutan de la oferta gastron\u00f3mica y cultural de Guayaquil.<\/p>\n<p>Todos los mi\u00e9rcoles y viernes de septiembre, de 15:00 a 20:00, los visitantes podr\u00e1n acceder a promociones especiales en los establecimientos participantes. Casa del Diablo, El Divino, La Paperia y Doggo ofrecer\u00e1n 10 % de descuento en el consumo; La Oleada contar\u00e1 con 2&#215;1 en piqueos y c\u00f3cteles; R\u00fastica tendr\u00e1 2&#215;1 en c\u00f3cteles; mientras que Glow Frostie ofrecer\u00e1 el segundo helado a mitad de precio, de igual o menor valor.<\/p>\n<p>La experiencia tambi\u00e9n incluir\u00e1 beneficios adicionales. Chef Boss entregar\u00e1 una choripapa gratis al pedir \u201cLa Jefecita\u201d, mientras que Almodobar ofrecer\u00e1 2&#215;1 en copas de sangr\u00eda y un 15 % de descuento para quienes celebren su cumplea\u00f1os durante septiembre.<\/p>\n<p>M\u00e1s all\u00e1 de una campa\u00f1a promocional, \u201cLa Yapita\u201d forma parte de una estrategia para dinamizar los espacios p\u00fablicos a trav\u00e9s de experiencias que conecten a la ciudadan\u00eda con la gastronom\u00eda, el emprendimiento y el turismo. La iniciativa fortalece la relaci\u00f3n entre visitantes y comercios, al tiempo que genera movimiento econ\u00f3mico y ampl\u00eda las alternativas de entretenimiento en la ciudad.<\/p>\n<p>Durante el Mes del Turismo, el Municipio de Guayaquil invita a ciudadanos y visitantes a redescubrir la ciudad, recorrer sus espacios p\u00fablicos y participar en las actividades preparadas para septiembre. Con iniciativas como \u201cLa Yapita\u201d, Plaza Guayarte contin\u00faa consolid\u00e1ndose como un punto de encuentro que impulsa el desarrollo local, fomenta la convivencia ciudadana y ofrece nuevas razones para disfrutar de Guayaquil.<\/p>\n","protected":false},"excerpt":{"rendered":"<p>Guayaquil.- Como parte de las actividades por el Mes del Turismo, Plaza Guayarte presenta \u201cLa Yapita\u201d, una iniciativa que suma promociones exclusivas, beneficios especiales y nuevas experiencias gastron\u00f3micas para incentivar la visita de ciudadanos y turistas a uno de los espacios p\u00fablicos m\u00e1s emblem\u00e1ticos de Guayaquil. La propuesta busca convertir cada recorrido por Plaza Guayarte [&hellip;]<\/p>\n","protected":false},"author":2,"featured_media":59164,"comment_status":"open","ping_status":"closed","sticky":false,"template":"","format":"standard","meta":{"footnotes":""},"categories":[2163],"tags":[746],"class_list":["post-59163","post","type-post","status-publish","format-standard","has-post-thumbnail","hentry","category-noticias","tag-mes-del-turismo"],"_links":{"self":[{"href":"https:\/\/radiocresatelital.com\/index.php?rest_route=\/wp\/v2\/posts\/59163","targetHints":{"allow":["GET"]}}],"collection":[{"href":"https:\/\/radiocresatelital.com\/index.php?rest_route=\/wp\/v2\/posts"}],"about":[{"href":"https:\/\/radiocresatelital.com\/index.php?rest_route=\/wp\/v2\/types\/post"}],"author":[{"embeddable":true,"href":"https:\/\/radiocresatelital.com\/index.php?rest_route=\/wp\/v2\/users\/2"}],"replies":[{"embeddable":true,"href":"https:\/\/radiocresatelital.com\/index.php?rest_route=%2Fwp%2Fv2%2Fcomments&post=59163"}],"version-history":[{"count":1,"href":"https:\/\/radiocresatelital.com\/index.php?rest_route=\/wp\/v2\/posts\/59163\/revisions"}],"predecessor-version":[{"id":59165,"href":"https:\/\/radiocresatelital.com\/index.php?rest_route=\/wp\/v2\/posts\/59163\/revisions\/59165"}],"wp:featuredmedia":[{"embeddable":true,"href":"https:\/\/radiocresatelital.com\/index.php?rest_route=\/wp\/v2\/media\/59164"}],"wp:attachment":[{"href":"https:\/\/radiocresatelital.com\/index.php?rest_route=%2Fwp%2Fv2%2Fmedia&parent=59163"}],"wp:term":[{"taxonomy":"category","embeddable":true,"href":"https:\/\/radiocresatelital.com\/index.php?rest_route=%2Fwp%2Fv2%2Fcategories&post=59163"},{"taxonomy":"post_tag","embeddable":true,"href":"https:\/\/radiocresatelital.com\/index.php?rest_route=%2Fwp%2Fv2%2Ftags&post=59163"}],"curies":[{"name":"wp","href":"https:\/\/api.w.org\/{rel}","templated":true}]}}