{"id":59148,"date":"2026-09-03T20:16:57","date_gmt":"2026-09-03T20:16:57","guid":{"rendered":"https:\/\/radiocresatelital.com\/?p=59148"},"modified":"2026-09-03T20:16:57","modified_gmt":"2026-09-03T20:16:57","slug":"3-259-familias-de-manabi-ya-cuentan-con-titulos-de-propiedad-gracias-al-programa-creamos-patrimonio-del-gobierno-nacional","status":"publish","type":"post","link":"https:\/\/radiocresatelital.com\/?p=59148","title":{"rendered":"3.259 familias de Manab\u00ed ya cuentan con t\u00edtulos de propiedad gracias al programa Creamos Patrimonio del Gobierno Nacional"},"content":{"rendered":"<p class=\"wp-block-paragraph\">Manta.- El viceministro de Desarrollo Urbano Sostenible y Vivienda, Daniel Elmir, entreg\u00f3 56 t\u00edtulos de propiedad a familias del cant\u00f3n Pedernales, como parte del programa emblem\u00e1tico Creamos Patrimonio, impulsado por el Ministerio de Infraestructura y Tecnolog\u00eda (MIT) para regularizar la tenencia de tierras rurales ocupadas o destinadas a vivienda.<\/p>\n<p class=\"wp-block-paragraph\">En Manab\u00ed, la gesti\u00f3n contempla un total de 3.259 t\u00edtulos de propiedad. A escala nacional, desde el 23 de noviembre de 2023 hasta la actualidad, el proceso de adjudicaci\u00f3n de tierras rurales ha permitido gestionar 8.397 t\u00edtulos de propiedad, de los cuales 7.800 ya fueron entregados y 597 est\u00e1n pendientes de entrega, con una inversi\u00f3n aproximada de USD 2 millones.<\/p>\n<p class=\"wp-block-paragraph\">A trav\u00e9s de Creamos Patrimonio, el MIT fortalece las acciones orientadas a disminuir la tenencia irregular del suelo y promover la regularizaci\u00f3n de predios rurales, de acuerdo con la normativa vigente. El programa prioriza la titulaci\u00f3n masiva en zonas rurales y facilita que m\u00e1s familias cuenten con un documento que respalde legalmente la propiedad de sus terrenos.<\/p>\n<p class=\"wp-block-paragraph\">Durante la entrega, el viceministro de Vivienda, Daniel Elmir, destac\u00f3 que la titulaci\u00f3n representa mucho m\u00e1s que un documento, pues brinda tranquilidad y nuevas oportunidades para las familias: \u201cUn t\u00edtulo de propiedad significa seguridad, tranquilidad y la certeza de que el esfuerzo de una familia tiene un respaldo legal. Desde el Gobierno Nacional trabajamos para que m\u00e1s ecuatorianos puedan consolidar su patrimonio y construir un futuro con mayores oportunidades\u201d.<\/p>\n<p class=\"wp-block-paragraph\">As\u00ed lo resalt\u00f3 Rosa Napa, una de las beneficiarias, quien se\u00f1al\u00f3: \u201cSoy madre soltera y durante 10 a\u00f1os esper\u00e9 este momento. Hoy, tener mi t\u00edtulo de propiedad me da tranquilidad y la posibilidad de pensar en un mejor futuro para mis hijos, acceder a un cr\u00e9dito y garantizarles una vida digna. Para nosotros significa que finalmente tenemos seguridad sobre nuestro hogar\u201d.<\/p>\n<p class=\"wp-block-paragraph\">Con estas acciones, el Ministerio de Infraestructura y Tecnolog\u00eda reafirma su compromiso de trabajar en territorio y acercar los servicios del Estado a las familias que necesitan regularizar sus predios, fortaleciendo la seguridad jur\u00eddica, el patrimonio familiar y el acceso a mejores condiciones de vivienda.<\/p>\n","protected":false},"excerpt":{"rendered":"<p>Manta.- El viceministro de Desarrollo Urbano Sostenible y Vivienda, Daniel Elmir, entreg\u00f3 56 t\u00edtulos de propiedad a familias del cant\u00f3n Pedernales, como parte del programa emblem\u00e1tico Creamos Patrimonio, impulsado por el Ministerio de Infraestructura y Tecnolog\u00eda (MIT) para regularizar la tenencia de tierras rurales ocupadas o destinadas a vivienda. En Manab\u00ed, la gesti\u00f3n contempla un [&hellip;]<\/p>\n","protected":false},"author":2,"featured_media":59149,"comment_status":"open","ping_status":"closed","sticky":false,"template":"","format":"standard","meta":{"footnotes":""},"categories":[13],"tags":[9422,9814],"class_list":["post-59148","post","type-post","status-publish","format-standard","has-post-thumbnail","hentry","category-noticias-nacionales","tag-ministerio-de-infraestructura-y-tecnologia","tag-viceministro-de-desarrollo-urbano-sostenible-y-vivienda-daniel-elmir"],"_links":{"self":[{"href":"https:\/\/radiocresatelital.com\/index.php?rest_route=\/wp\/v2\/posts\/59148","targetHints":{"allow":["GET"]}}],"collection":[{"href":"https:\/\/radiocresatelital.com\/index.php?rest_route=\/wp\/v2\/posts"}],"about":[{"href":"https:\/\/radiocresatelital.com\/index.php?rest_route=\/wp\/v2\/types\/post"}],"author":[{"embeddable":true,"href":"https:\/\/radiocresatelital.com\/index.php?rest_route=\/wp\/v2\/users\/2"}],"replies":[{"embeddable":true,"href":"https:\/\/radiocresatelital.com\/index.php?rest_route=%2Fwp%2Fv2%2Fcomments&post=59148"}],"version-history":[{"count":1,"href":"https:\/\/radiocresatelital.com\/index.php?rest_route=\/wp\/v2\/posts\/59148\/revisions"}],"predecessor-version":[{"id":59150,"href":"https:\/\/radiocresatelital.com\/index.php?rest_route=\/wp\/v2\/posts\/59148\/revisions\/59150"}],"wp:featuredmedia":[{"embeddable":true,"href":"https:\/\/radiocresatelital.com\/index.php?rest_route=\/wp\/v2\/media\/59149"}],"wp:attachment":[{"href":"https:\/\/radiocresatelital.com\/index.php?rest_route=%2Fwp%2Fv2%2Fmedia&parent=59148"}],"wp:term":[{"taxonomy":"category","embeddable":true,"href":"https:\/\/radiocresatelital.com\/index.php?rest_route=%2Fwp%2Fv2%2Fcategories&post=59148"},{"taxonomy":"post_tag","embeddable":true,"href":"https:\/\/radiocresatelital.com\/index.php?rest_route=%2Fwp%2Fv2%2Ftags&post=59148"}],"curies":[{"name":"wp","href":"https:\/\/api.w.org\/{rel}","templated":true}]}}