{"id":59145,"date":"2026-09-03T20:13:31","date_gmt":"2026-09-03T20:13:31","guid":{"rendered":"https:\/\/radiocresatelital.com\/?p=59145"},"modified":"2026-09-03T20:13:31","modified_gmt":"2026-09-03T20:13:31","slug":"gobierno-nacional-impulsa-una-nueva-ruta-para-el-empleo-y-el-emprendimiento-en-ecuador","status":"publish","type":"post","link":"https:\/\/radiocresatelital.com\/?p=59145","title":{"rendered":"Gobierno Nacional impulsa una nueva ruta para el empleo y el emprendimiento en Ecuador"},"content":{"rendered":"<p class=\"wp-block-paragraph\">Quito.\u2013\u00a0El Comit\u00e9 Interinstitucional de Empleabilidad y Emprendimiento aprob\u00f3 su Reglamento de Funcionamiento y acord\u00f3 la ruta que seguir\u00e1 para construir el Plan de Implementaci\u00f3n del Sistema Nacional de Empleabilidad, Emprendimiento y Futuro del Trabajo. Estos acuerdos se alcanzaron durante la segunda sesi\u00f3n del Comit\u00e9, desarrollada el jueves 3 de septiembre de 2026, \u00a0y dan inicio al proceso para definir acciones conjuntas en materia de empleo y emprendimiento.<\/p>\n<p class=\"wp-block-paragraph\">En este marco, Cynthia Gellibert, ministra de Trabajo y Desarrollo Humano, destac\u00f3 que este proceso permitir\u00e1 articular las capacidades del Estado y orientar esfuerzos hacia un objetivo com\u00fan\u00a0\u201cgenerar m\u00e1s oportunidades para trabajar, emprender y construir un mejor futuro para los ecuatorianos\u201d.<\/p>\n<p class=\"wp-block-paragraph\">El Plan reunir\u00e1 los servicios, capacidades y propuestas de las instituciones que forman parte del Sistema para responder a las necesidades del mercado laboral y generar m\u00e1s oportunidades de empleo y emprendimiento para los ecuatorianos.<\/p>\n<p class=\"wp-block-paragraph\">Se conformar\u00e1n cinco mesas de trabajo interinstitucionales que funcionar\u00e1n en tres fases. En estos espacios se identificar\u00e1n oportunidades de articulaci\u00f3n y se plantear\u00e1n acciones para fortalecer el empleo, el emprendimiento, la capacitaci\u00f3n y el autoempleo.<\/p>\n<p class=\"wp-block-paragraph\">\u201cEste Comit\u00e9 est\u00e1 pasando de la coordinaci\u00f3n a la acci\u00f3n. Estamos conectando las capacidades de las instituciones para que el trabajo conjunto se convierta en oportunidades reales de empleo, emprendimiento y generaci\u00f3n de ingresos para los ecuatorianos\u201d,\u00a0se\u00f1al\u00f3 Juan Francisco Rom\u00e1n, viceministro de Trabajo y Empleo y presidente del Comit\u00e9 Interinstitucional de Empleabilidad y Emprendimiento.<\/p>\n<p class=\"wp-block-paragraph\">Este trabajo permitir\u00e1 construir una hoja de acci\u00f3n com\u00fan para fortalecer la empleabilidad, impulsar el emprendimiento y ampliar las alternativas de generaci\u00f3n de ingresos, considerando los cambios actuales y futuros del mundo del trabajo. La meta es contar con el Plan de Implementaci\u00f3n en diciembre de 2026.<\/p>\n<p class=\"wp-block-paragraph\">El Comit\u00e9 Interinstitucional de Empleabilidad y Emprendimiento fue creado mediante el Decreto Ejecutivo Nro. 419 y est\u00e1 integrado por el Ministerio del Trabajo y Desarrollo Humano, el Viceministerio de Desarrollo Econ\u00f3mico, el Ministerio de Educaci\u00f3n, Deporte y Cultura, el Servicio Ecuatoriano de Capacitaci\u00f3n Profesional (SECAP) y el Instituto Nacional de Estad\u00edstica y Censos (INEC), adem\u00e1s de las entidades que act\u00faan como actores estrat\u00e9gicos.<\/p>\n<p class=\"wp-block-paragraph\">El Gobierno del Presidente Daniel Noboa une las capacidades de las instituciones p\u00fablicas para abrir nuevas oportunidades de empleo, impulsar el emprendimiento y generar m\u00e1s alternativas para que los ecuatorianos construyan su futuro.<\/p>\n","protected":false},"excerpt":{"rendered":"<p>Quito.\u2013\u00a0El Comit\u00e9 Interinstitucional de Empleabilidad y Emprendimiento aprob\u00f3 su Reglamento de Funcionamiento y acord\u00f3 la ruta que seguir\u00e1 para construir el Plan de Implementaci\u00f3n del Sistema Nacional de Empleabilidad, Emprendimiento y Futuro del Trabajo. Estos acuerdos se alcanzaron durante la segunda sesi\u00f3n del Comit\u00e9, desarrollada el jueves 3 de septiembre de 2026, \u00a0y dan inicio [&hellip;]<\/p>\n","protected":false},"author":2,"featured_media":59146,"comment_status":"open","ping_status":"closed","sticky":false,"template":"","format":"standard","meta":{"footnotes":""},"categories":[13],"tags":[9813],"class_list":["post-59145","post","type-post","status-publish","format-standard","has-post-thumbnail","hentry","category-noticias-nacionales","tag-sistema-nacional-de-empleabilidad"],"_links":{"self":[{"href":"https:\/\/radiocresatelital.com\/index.php?rest_route=\/wp\/v2\/posts\/59145","targetHints":{"allow":["GET"]}}],"collection":[{"href":"https:\/\/radiocresatelital.com\/index.php?rest_route=\/wp\/v2\/posts"}],"about":[{"href":"https:\/\/radiocresatelital.com\/index.php?rest_route=\/wp\/v2\/types\/post"}],"author":[{"embeddable":true,"href":"https:\/\/radiocresatelital.com\/index.php?rest_route=\/wp\/v2\/users\/2"}],"replies":[{"embeddable":true,"href":"https:\/\/radiocresatelital.com\/index.php?rest_route=%2Fwp%2Fv2%2Fcomments&post=59145"}],"version-history":[{"count":1,"href":"https:\/\/radiocresatelital.com\/index.php?rest_route=\/wp\/v2\/posts\/59145\/revisions"}],"predecessor-version":[{"id":59147,"href":"https:\/\/radiocresatelital.com\/index.php?rest_route=\/wp\/v2\/posts\/59145\/revisions\/59147"}],"wp:featuredmedia":[{"embeddable":true,"href":"https:\/\/radiocresatelital.com\/index.php?rest_route=\/wp\/v2\/media\/59146"}],"wp:attachment":[{"href":"https:\/\/radiocresatelital.com\/index.php?rest_route=%2Fwp%2Fv2%2Fmedia&parent=59145"}],"wp:term":[{"taxonomy":"category","embeddable":true,"href":"https:\/\/radiocresatelital.com\/index.php?rest_route=%2Fwp%2Fv2%2Fcategories&post=59145"},{"taxonomy":"post_tag","embeddable":true,"href":"https:\/\/radiocresatelital.com\/index.php?rest_route=%2Fwp%2Fv2%2Ftags&post=59145"}],"curies":[{"name":"wp","href":"https:\/\/api.w.org\/{rel}","templated":true}]}}