{"id":59142,"date":"2026-09-03T20:11:58","date_gmt":"2026-09-03T20:11:58","guid":{"rendered":"https:\/\/radiocresatelital.com\/?p=59142"},"modified":"2026-09-03T20:11:58","modified_gmt":"2026-09-03T20:11:58","slug":"4-estaciones-llevara-a-guayaquil-del-barroco-de-vivaldi-al-tango-de-piazolla","status":"publish","type":"post","link":"https:\/\/radiocresatelital.com\/?p=59142","title":{"rendered":"\u201c4 Estaciones\u201d llevar\u00e1 a Guayaquil del BArroco de Vivaldi al tango de Piazolla"},"content":{"rendered":"<p><strong>Autor: Amanda V\u00e9lez, Gia S\u00e1nchez<\/strong><\/p>\n<p>Guayaquil.- Este viernes 4 de septiembre, el Teatro Centro de Arte ser\u00e1 escenario del concierto \u201c4 Estaciones\u201d, una propuesta musical que reunir\u00e1 las obras de Antonio Vivaldi y Astor Piazzolla. La presentaci\u00f3n comenzar\u00e1 a las 19h00 (00h00 GMT del s\u00e1bado 5 de septiembre) y estar\u00e1 bajo la direcci\u00f3n y participaci\u00f3n como solista invitado del violinista V\u00edctor de Luna.<\/p>\n<p>El espect\u00e1culo, planteado bajo la premisa \u201cVivaldi meets Piazzolla\u201d, propone un encuentro entre dos perspectivas musicales separadas por siglos y geograf\u00edas. El programa combinar\u00e1 la elegancia y precisi\u00f3n del Barroco europeo con la fuerza expresiva y los ritmos del tango argentino, tomando como punto de partida la representaci\u00f3n de las estaciones del a\u00f1o.<\/p>\n<p>El repertorio incluir\u00e1 Las cuatro estaciones (Le quattro stagioni) de Antonio Vivaldi, obra compuesta a inicios del siglo XVIII y caracterizada por sus representaciones musicales de la naturaleza, las tormentas y la serenidad del campo. A esta composici\u00f3n se le sumar\u00e1n Las Cuatro Estaciones Porte\u00f1as de Astor Piazzolla, piezas del siglo XX que trasladan la idea de las estaciones al ambiente urbano de Buenos Aires.<\/p>\n<p>Evento: 4 Estaciones Fecha: viernes, 4 de septiembre de 2026<br \/>\nHora: 19h00 (00h00 GMT del s\u00e1bado 5 de septiembre )<br \/>\nLugar: Teatro Centro de Arte Entradas: $10 Platea Alta\/ $15 Platea Baja https:\/\/www.teatrocentrodearte.org\/e-ticket.venta.php?evento=1556<\/p>\n","protected":false},"excerpt":{"rendered":"<p>Autor: Amanda V\u00e9lez, Gia S\u00e1nchez Guayaquil.- Este viernes 4 de septiembre, el Teatro Centro de Arte ser\u00e1 escenario del concierto \u201c4 Estaciones\u201d, una propuesta musical que reunir\u00e1 las obras de Antonio Vivaldi y Astor Piazzolla. La presentaci\u00f3n comenzar\u00e1 a las 19h00 (00h00 GMT del s\u00e1bado 5 de septiembre) y estar\u00e1 bajo la direcci\u00f3n y participaci\u00f3n [&hellip;]<\/p>\n","protected":false},"author":2,"featured_media":59143,"comment_status":"open","ping_status":"closed","sticky":false,"template":"","format":"standard","meta":{"footnotes":""},"categories":[2337],"tags":[9812],"class_list":["post-59142","post","type-post","status-publish","format-standard","has-post-thumbnail","hentry","category-arte","tag-4-estaciones"],"_links":{"self":[{"href":"https:\/\/radiocresatelital.com\/index.php?rest_route=\/wp\/v2\/posts\/59142","targetHints":{"allow":["GET"]}}],"collection":[{"href":"https:\/\/radiocresatelital.com\/index.php?rest_route=\/wp\/v2\/posts"}],"about":[{"href":"https:\/\/radiocresatelital.com\/index.php?rest_route=\/wp\/v2\/types\/post"}],"author":[{"embeddable":true,"href":"https:\/\/radiocresatelital.com\/index.php?rest_route=\/wp\/v2\/users\/2"}],"replies":[{"embeddable":true,"href":"https:\/\/radiocresatelital.com\/index.php?rest_route=%2Fwp%2Fv2%2Fcomments&post=59142"}],"version-history":[{"count":1,"href":"https:\/\/radiocresatelital.com\/index.php?rest_route=\/wp\/v2\/posts\/59142\/revisions"}],"predecessor-version":[{"id":59144,"href":"https:\/\/radiocresatelital.com\/index.php?rest_route=\/wp\/v2\/posts\/59142\/revisions\/59144"}],"wp:featuredmedia":[{"embeddable":true,"href":"https:\/\/radiocresatelital.com\/index.php?rest_route=\/wp\/v2\/media\/59143"}],"wp:attachment":[{"href":"https:\/\/radiocresatelital.com\/index.php?rest_route=%2Fwp%2Fv2%2Fmedia&parent=59142"}],"wp:term":[{"taxonomy":"category","embeddable":true,"href":"https:\/\/radiocresatelital.com\/index.php?rest_route=%2Fwp%2Fv2%2Fcategories&post=59142"},{"taxonomy":"post_tag","embeddable":true,"href":"https:\/\/radiocresatelital.com\/index.php?rest_route=%2Fwp%2Fv2%2Ftags&post=59142"}],"curies":[{"name":"wp","href":"https:\/\/api.w.org\/{rel}","templated":true}]}}