{"id":59139,"date":"2026-09-03T20:09:57","date_gmt":"2026-09-03T20:09:57","guid":{"rendered":"https:\/\/radiocresatelital.com\/?p=59139"},"modified":"2026-09-03T20:09:57","modified_gmt":"2026-09-03T20:09:57","slug":"la-orquesta-filarmonica-municipal-de-guayaquil-presentara-titan-en-la-ruta-de-las-iglesias","status":"publish","type":"post","link":"https:\/\/radiocresatelital.com\/?p=59139","title":{"rendered":"La Orquesta Filarm\u00f3nica Municipal de Guayaquil presentar\u00e1 \u201cTit\u00e1n\u201d en la Ruta de las Iglesias"},"content":{"rendered":"<p><strong>Autor: Amanda V\u00e9lez, Gia S\u00e1nchez<\/strong><\/p>\n<p>Guayaquil.- Este jueves 3 de septiembre, la Orquesta Filarm\u00f3nica Municipal de Guayaquil, conocida como \u201cLa Orquesta de la Ciudad\u201d, presentar\u00e1 \u201cTit\u00e1n\u201d, un concierto que forma parte de la Ruta de las Iglesias.<\/p>\n<p>La presentaci\u00f3n comenzar\u00e1 a las 19h00 (00h00 GMT del viernes 4 de septiembre) en la Iglesia San Antonio de Padua, ubicada en Urdesa Norte.<\/p>\n<p>El programa est\u00e1 dedicado a la Sinfon\u00eda No. 1 \u201cTit\u00e1n\u201d de Gustav Mahler, una de las obras m\u00e1s representativas del compositor austriaco.<\/p>\n<p>La interpretaci\u00f3n de la Filarm\u00f3nica estar\u00e1 bajo la direcci\u00f3n del maestro Manuel Campos L.<\/p>\n<p>El concierto busca acercar la m\u00fasica sinf\u00f3nica a distintos espacios de la ciudad mediante la Ruta de las Iglesias, una iniciativa que lleva presentaciones de la orquesta a escenarios de car\u00e1cter patrimonial con el patrocinio de la Fundaci\u00f3n Municipal de Turismo.<\/p>\n<p>El acceso ser\u00e1 gratuito hasta llenar el aforo, por lo que se recomienda acudir con anticipaci\u00f3n.<\/p>\n<p>Fecha: jueves 3 de septiembre<br \/>\nLugar: Iglesia San Antonio de Padua &#8211; Urdesa Norte<br \/>\nHora: 19h00 (00h00 GMT del viernes 4 de septiembre)<br \/>\nEntrada: Libre hasta llenar el aforo.<\/p>\n","protected":false},"excerpt":{"rendered":"<p>Autor: Amanda V\u00e9lez, Gia S\u00e1nchez Guayaquil.- Este jueves 3 de septiembre, la Orquesta Filarm\u00f3nica Municipal de Guayaquil, conocida como \u201cLa Orquesta de la Ciudad\u201d, presentar\u00e1 \u201cTit\u00e1n\u201d, un concierto que forma parte de la Ruta de las Iglesias. La presentaci\u00f3n comenzar\u00e1 a las 19h00 (00h00 GMT del viernes 4 de septiembre) en la Iglesia San Antonio [&hellip;]<\/p>\n","protected":false},"author":2,"featured_media":59140,"comment_status":"open","ping_status":"closed","sticky":false,"template":"","format":"standard","meta":{"footnotes":""},"categories":[2337],"tags":[4535],"class_list":["post-59139","post","type-post","status-publish","format-standard","has-post-thumbnail","hentry","category-arte","tag-orquesta-filarmonica-municipal-de-guayaquil"],"_links":{"self":[{"href":"https:\/\/radiocresatelital.com\/index.php?rest_route=\/wp\/v2\/posts\/59139","targetHints":{"allow":["GET"]}}],"collection":[{"href":"https:\/\/radiocresatelital.com\/index.php?rest_route=\/wp\/v2\/posts"}],"about":[{"href":"https:\/\/radiocresatelital.com\/index.php?rest_route=\/wp\/v2\/types\/post"}],"author":[{"embeddable":true,"href":"https:\/\/radiocresatelital.com\/index.php?rest_route=\/wp\/v2\/users\/2"}],"replies":[{"embeddable":true,"href":"https:\/\/radiocresatelital.com\/index.php?rest_route=%2Fwp%2Fv2%2Fcomments&post=59139"}],"version-history":[{"count":1,"href":"https:\/\/radiocresatelital.com\/index.php?rest_route=\/wp\/v2\/posts\/59139\/revisions"}],"predecessor-version":[{"id":59141,"href":"https:\/\/radiocresatelital.com\/index.php?rest_route=\/wp\/v2\/posts\/59139\/revisions\/59141"}],"wp:featuredmedia":[{"embeddable":true,"href":"https:\/\/radiocresatelital.com\/index.php?rest_route=\/wp\/v2\/media\/59140"}],"wp:attachment":[{"href":"https:\/\/radiocresatelital.com\/index.php?rest_route=%2Fwp%2Fv2%2Fmedia&parent=59139"}],"wp:term":[{"taxonomy":"category","embeddable":true,"href":"https:\/\/radiocresatelital.com\/index.php?rest_route=%2Fwp%2Fv2%2Fcategories&post=59139"},{"taxonomy":"post_tag","embeddable":true,"href":"https:\/\/radiocresatelital.com\/index.php?rest_route=%2Fwp%2Fv2%2Ftags&post=59139"}],"curies":[{"name":"wp","href":"https:\/\/api.w.org\/{rel}","templated":true}]}}