{"id":59136,"date":"2026-09-03T20:07:28","date_gmt":"2026-09-03T20:07:28","guid":{"rendered":"https:\/\/radiocresatelital.com\/?p=59136"},"modified":"2026-09-03T20:07:28","modified_gmt":"2026-09-03T20:07:28","slug":"intervencion-integral-recupera-espacio-publico-y-retira-100-sacos-de-desechos-en-las-malvinas","status":"publish","type":"post","link":"https:\/\/radiocresatelital.com\/?p=59136","title":{"rendered":"Intervenci\u00f3n integral recupera espacio p\u00fablico y retira 100 sacos de desechos en Las Malvinas"},"content":{"rendered":"<p>Guayaquil.- Un espacio p\u00fablico que permanec\u00eda afectado por la acumulaci\u00f3n de residuos fue recuperado durante una intervenci\u00f3n integral ejecutada en la cooperativa Los Magn\u00edficos, en el sector Las Malvinas. La acci\u00f3n permiti\u00f3 devolver condiciones adecuadas a una zona ubicada junto al Estero Salado, mejorando el entorno y la calidad de vida de los habitantes.<\/p>\n<p>La jornada fue coordinada por la Direcci\u00f3n de Aseo Cantonal, Mercados y Servicios Especiales (DACMSE) de la Alcald\u00eda de Guayaquil, junto con Urvaseo, Agentes de Control Municipal (ACM), Visolit y la Polic\u00eda Comunitaria. Las labores incluyeron limpieza profunda, recolecci\u00f3n de desechos y actividades de concienciaci\u00f3n dirigidas a los moradores sobre la correcta gesti\u00f3n de los residuos s\u00f3lidos.<\/p>\n<p>Como resultado de la intervenci\u00f3n, se retiraron cerca de 100 sacos de basura que ocupaban el espacio p\u00fablico y generaban afectaciones ambientales, sanitarias y de convivencia. La recuperaci\u00f3n del \u00e1rea representa un paso importante para preservar este sector cercano al Estero Salado y prevenir que vuelva a convertirse en un punto de acumulaci\u00f3n de desperdicios.<\/p>\n<p>Las autoridades recordaron que el servicio de recolecci\u00f3n en la cooperativa se realiza de manera regular los martes, jueves y s\u00e1bados en horario diurno. Sin embargo, la disposici\u00f3n incorrecta de residuos fuera de los horarios establecidos ha contribuido al deterioro de este punto, haciendo necesaria la intervenci\u00f3n conjunta de varias entidades municipales.<\/p>\n<p>La participaci\u00f3n de la comunidad tambi\u00e9n fue clave durante la jornada. Los moradores hicieron un llamado a mantener limpio el sector y a asumir una actitud responsable frente al manejo de los desechos. Viviana Guadamud destac\u00f3 la importancia de generar conciencia y disciplina entre los vecinos, mientras que Narcisa Castro se\u00f1al\u00f3 que es responsabilidad de todos evitar arrojar basura.<\/p>\n<p>Este tipo de acciones reflejan el trabajo articulado entre Municipio y ciudadan\u00eda para recuperar espacios comunitarios, fortalecer la corresponsabilidad en el cuidado del entorno y avanzar hacia una ciudad m\u00e1s limpia, ordenada y sostenible para todos los guayaquile\u00f1os.<\/p>\n","protected":false},"excerpt":{"rendered":"<p>Guayaquil.- Un espacio p\u00fablico que permanec\u00eda afectado por la acumulaci\u00f3n de residuos fue recuperado durante una intervenci\u00f3n integral ejecutada en la cooperativa Los Magn\u00edficos, en el sector Las Malvinas. La acci\u00f3n permiti\u00f3 devolver condiciones adecuadas a una zona ubicada junto al Estero Salado, mejorando el entorno y la calidad de vida de los habitantes. La [&hellip;]<\/p>\n","protected":false},"author":2,"featured_media":59137,"comment_status":"open","ping_status":"closed","sticky":false,"template":"","format":"standard","meta":{"footnotes":""},"categories":[13],"tags":[9811,114],"class_list":["post-59136","post","type-post","status-publish","format-standard","has-post-thumbnail","hentry","category-noticias-nacionales","tag-espacio-publico","tag-municipio-de-guayaquil"],"_links":{"self":[{"href":"https:\/\/radiocresatelital.com\/index.php?rest_route=\/wp\/v2\/posts\/59136","targetHints":{"allow":["GET"]}}],"collection":[{"href":"https:\/\/radiocresatelital.com\/index.php?rest_route=\/wp\/v2\/posts"}],"about":[{"href":"https:\/\/radiocresatelital.com\/index.php?rest_route=\/wp\/v2\/types\/post"}],"author":[{"embeddable":true,"href":"https:\/\/radiocresatelital.com\/index.php?rest_route=\/wp\/v2\/users\/2"}],"replies":[{"embeddable":true,"href":"https:\/\/radiocresatelital.com\/index.php?rest_route=%2Fwp%2Fv2%2Fcomments&post=59136"}],"version-history":[{"count":1,"href":"https:\/\/radiocresatelital.com\/index.php?rest_route=\/wp\/v2\/posts\/59136\/revisions"}],"predecessor-version":[{"id":59138,"href":"https:\/\/radiocresatelital.com\/index.php?rest_route=\/wp\/v2\/posts\/59136\/revisions\/59138"}],"wp:featuredmedia":[{"embeddable":true,"href":"https:\/\/radiocresatelital.com\/index.php?rest_route=\/wp\/v2\/media\/59137"}],"wp:attachment":[{"href":"https:\/\/radiocresatelital.com\/index.php?rest_route=%2Fwp%2Fv2%2Fmedia&parent=59136"}],"wp:term":[{"taxonomy":"category","embeddable":true,"href":"https:\/\/radiocresatelital.com\/index.php?rest_route=%2Fwp%2Fv2%2Fcategories&post=59136"},{"taxonomy":"post_tag","embeddable":true,"href":"https:\/\/radiocresatelital.com\/index.php?rest_route=%2Fwp%2Fv2%2Ftags&post=59136"}],"curies":[{"name":"wp","href":"https:\/\/api.w.org\/{rel}","templated":true}]}}