{"id":59133,"date":"2026-09-03T19:05:27","date_gmt":"2026-09-03T19:05:27","guid":{"rendered":"https:\/\/radiocresatelital.com\/?p=59133"},"modified":"2026-09-03T19:05:27","modified_gmt":"2026-09-03T19:05:27","slug":"presidente-daniel-noboa-impulsa-la-permanencia-en-la-educacion-superior-publica-con-3-200-nuevas-becas-talento-joven","status":"publish","type":"post","link":"https:\/\/radiocresatelital.com\/?p=59133","title":{"rendered":"Presidente Daniel Noboa impulsa la permanencia en la Educaci\u00f3n Superior P\u00fablica con 3.200 nuevas becas \u201cTalento Joven"},"content":{"rendered":"<p>Quito.- El Gobierno Nacional, a trav\u00e9s del Ministerio de Educaci\u00f3n, Deporte y Cultura (MINEDEC), presenta el programa de Becas Nacionales de Tercer Nivel de Grado \u201cTalento Joven\u201d, una iniciativa que beneficiar\u00e1 a 3.200 estudiantes de universidades y escuelas polit\u00e9cnicas p\u00fablicas del pa\u00eds, con una inversi\u00f3n superior a USD 1,8 millones.<\/p>\n<p>El programa tiene como objetivo contribuir a la permanencia y culminaci\u00f3n de los estudios superiores, brindando apoyo econ\u00f3mico a estudiantes que requieren fortalecer sus condiciones de manutenci\u00f3n para continuar con su formaci\u00f3n profesional.<\/p>\n<p>Cada persona beneficiaria recibir\u00e1 USD 569,23 por una sola vez, correspondientes a un per\u00edodo acad\u00e9mico de 2026. Estos recursos podr\u00e1n destinarse a gastos de alimentaci\u00f3n, vivienda, servicios b\u00e1sicos y transporte interno.<\/p>\n<p>\u201cQueremos que ning\u00fan joven tenga que abandonar sus estudios por una dificultad econ\u00f3mica. Con Talento Joven estamos generando oportunidades para que nuestros estudiantes permanezcan en las aulas, culminen sus carreras y puedan construir el futuro que sue\u00f1an. Apostar por ellos es apostar por el desarrollo del Ecuador\u201d, se\u00f1al\u00f3 Gilda Alc\u00edvar Garc\u00eda, ministra de Educaci\u00f3n, Deporte y Cultura.<\/p>\n<p>Postulaciones abiertas del 3 al 13 de septiembre<\/p>\n<p>Las postulaciones estar\u00e1n habilitadas del 3 al 13 de septiembre de 2026, a trav\u00e9s de\u00a0<a href=\"https:\/\/educacion.gob.ec\/becas-talento-joven\/\" target=\"_blank\" rel=\"noopener\">www.educacion.gob.ec<\/a>. En este portal, las personas interesadas podr\u00e1n consultar las bases del programa, conocer los requisitos y completar su postulaci\u00f3n.<\/p>\n<p>Para participar, los postulantes deber\u00e1n estar cursando una carrera de tercer nivel de grado en una universidad o escuela polit\u00e9cnica p\u00fablica del pa\u00eds, no contar con un t\u00edtulo acad\u00e9mico del mismo nivel de formaci\u00f3n y cumplir con las dem\u00e1s condiciones establecidas en las bases.<\/p>\n<p>\u00abTalento Joven\u201d incorpora mecanismos de acci\u00f3n afirmativa para priorizar a estudiantes que enfrentan condiciones de vulnerabilidad. Entre los grupos considerados se encuentran:<\/p>\n<ul>\n<li>Mujeres v\u00edctimas de violencia basada en g\u00e9nero.<\/li>\n<li>Personas con discapacidad permanente.<\/li>\n<li>Deportistas de alto rendimiento.<\/li>\n<li>Personas en situaci\u00f3n de escasos recursos econ\u00f3micos.<\/li>\n<li>Ecuatorianos retornados en condici\u00f3n de vulnerabilidad.<\/li>\n<li>Personas pertenecientes a pueblos y nacionalidades.<\/li>\n<\/ul>\n<p>Esta iniciativa se suma a las acciones impulsadas por el Gobierno del presidente Daniel Noboa para fortalecer el acceso, la permanencia y la culminaci\u00f3n de la Educaci\u00f3n Superior. Entre 2024 y 2026 se han adjudicado m\u00e1s de 560.000 becas y ayudas econ\u00f3micas, ampliando las oportunidades de formaci\u00f3n para miles de ecuatorianos.<\/p>\n<p>El Gobierno Nacional continuar\u00e1 fortaleciendo mecanismos de apoyo para que las condiciones econ\u00f3micas no sean una barrera para estudiar y culminar una carrera profesional. Con \u201cTalento Joven\u201d, se generan nuevas oportunidades para que los estudiantes desarrollen sus capacidades, transformen sus proyectos de vida y contribuyan al desarrollo del Nuevo Ecuador.<\/p>\n","protected":false},"excerpt":{"rendered":"<p>Quito.- El Gobierno Nacional, a trav\u00e9s del Ministerio de Educaci\u00f3n, Deporte y Cultura (MINEDEC), presenta el programa de Becas Nacionales de Tercer Nivel de Grado \u201cTalento Joven\u201d, una iniciativa que beneficiar\u00e1 a 3.200 estudiantes de universidades y escuelas polit\u00e9cnicas p\u00fablicas del pa\u00eds, con una inversi\u00f3n superior a USD 1,8 millones. El programa tiene como objetivo [&hellip;]<\/p>\n","protected":false},"author":2,"featured_media":59134,"comment_status":"open","ping_status":"closed","sticky":false,"template":"","format":"standard","meta":{"footnotes":""},"categories":[13],"tags":[9797,444,9810],"class_list":["post-59133","post","type-post","status-publish","format-standard","has-post-thumbnail","hentry","category-noticias-nacionales","tag-deporte-y-cultura","tag-ministerio-de-educacion","tag-talento-joven"],"_links":{"self":[{"href":"https:\/\/radiocresatelital.com\/index.php?rest_route=\/wp\/v2\/posts\/59133","targetHints":{"allow":["GET"]}}],"collection":[{"href":"https:\/\/radiocresatelital.com\/index.php?rest_route=\/wp\/v2\/posts"}],"about":[{"href":"https:\/\/radiocresatelital.com\/index.php?rest_route=\/wp\/v2\/types\/post"}],"author":[{"embeddable":true,"href":"https:\/\/radiocresatelital.com\/index.php?rest_route=\/wp\/v2\/users\/2"}],"replies":[{"embeddable":true,"href":"https:\/\/radiocresatelital.com\/index.php?rest_route=%2Fwp%2Fv2%2Fcomments&post=59133"}],"version-history":[{"count":1,"href":"https:\/\/radiocresatelital.com\/index.php?rest_route=\/wp\/v2\/posts\/59133\/revisions"}],"predecessor-version":[{"id":59135,"href":"https:\/\/radiocresatelital.com\/index.php?rest_route=\/wp\/v2\/posts\/59133\/revisions\/59135"}],"wp:featuredmedia":[{"embeddable":true,"href":"https:\/\/radiocresatelital.com\/index.php?rest_route=\/wp\/v2\/media\/59134"}],"wp:attachment":[{"href":"https:\/\/radiocresatelital.com\/index.php?rest_route=%2Fwp%2Fv2%2Fmedia&parent=59133"}],"wp:term":[{"taxonomy":"category","embeddable":true,"href":"https:\/\/radiocresatelital.com\/index.php?rest_route=%2Fwp%2Fv2%2Fcategories&post=59133"},{"taxonomy":"post_tag","embeddable":true,"href":"https:\/\/radiocresatelital.com\/index.php?rest_route=%2Fwp%2Fv2%2Ftags&post=59133"}],"curies":[{"name":"wp","href":"https:\/\/api.w.org\/{rel}","templated":true}]}}