{"id":59124,"date":"2026-09-03T18:19:28","date_gmt":"2026-09-03T18:19:28","guid":{"rendered":"https:\/\/radiocresatelital.com\/?p=59124"},"modified":"2026-09-03T18:19:28","modified_gmt":"2026-09-03T18:19:28","slug":"guayas-realizo-abanderamiento-para-xvii-juegos-nacionales-de-menores","status":"publish","type":"post","link":"https:\/\/radiocresatelital.com\/?p=59124","title":{"rendered":"Guayas realiz\u00f3 abanderamiento para XVII Juegos Nacionales de Menores"},"content":{"rendered":"<p>Guayaquil.- La delegaci\u00f3n de Guayas fue abanderada este jueves para participar en los XVII Juegos Deportivos Nacionales de Menores Guayas 2026, que se desarrollar\u00e1n del 7 al 27 de septiembre.<\/p>\n<p>La ceremonia se realiz\u00f3 en la Plazoleta de Fedeguayas y cont\u00f3 con la presencia de Roberto Ib\u00e1\u00f1ez Romero, viceministro del Deporte; Washington Guerrero Lara, gerente administrativo de Fedeguayas; Israel Verdugo, presidente de Fedenador; y Bol\u00edvar Escobar, director de Deportes de la Zona 8, adem\u00e1s de dirigentes deportivos, entrenadores y padres de familia.<\/p>\n<p>\u201cCompetiremos en nuestra casa. Y la casa se defiende con car\u00e1cter, pero tambi\u00e9n con respeto; siendo buenos compa\u00f1eros, respetando al rival y entregando lo mejor en cada competencia\u201d, expres\u00f3 Washington Guerrero durante su intervenci\u00f3n.<\/p>\n<p>Por su parte, Roberto Ib\u00e1\u00f1ez alent\u00f3 a los j\u00f3venes deportistas y destac\u00f3 la importancia de esta etapa en su formaci\u00f3n. \u201cConozco a Guayas como deportista, entrenador y expresidente, y s\u00e9 que cuentan con la preparaci\u00f3n y las condiciones para demostrar sus capacidades y seguir construyendo el camino hacia grandes objetivos deportivos\u201d, se\u00f1al\u00f3.<\/p>\n<p>Uno de los momentos centrales de la ceremonia fue la entrega del pabell\u00f3n de Guayas a la luchadora Jenny Asley Galarza Ruiz, de 13 a\u00f1os, designada abanderada por sus destacados resultados nacionales e internacionales.<\/p>\n<p>Guayas inscribi\u00f3 342 deportistas, 246 en disciplinas individuales y 96 en deportes de conjunto, quienes estar\u00e1n acompa\u00f1ados por 21 entrenadores. La provincia llega como campeona vigente, tras conquistar los Juegos Nacionales de Menores Manab\u00ed 2024.<\/p>\n<p>Esta edici\u00f3n reunir\u00e1 a 4.282 deportistas (2299 varones y 1984 damas) durante 21 d\u00edas de competencias, en 26 disciplinas. La ceremonia inaugural se realizar\u00e1 el lunes 7 de septiembre, a las 16:00, en la Arena Jos\u00e9 Desimavilla, en Guayaquil.<\/p>\n","protected":false},"excerpt":{"rendered":"<p>Guayaquil.- La delegaci\u00f3n de Guayas fue abanderada este jueves para participar en los XVII Juegos Deportivos Nacionales de Menores Guayas 2026, que se desarrollar\u00e1n del 7 al 27 de septiembre. La ceremonia se realiz\u00f3 en la Plazoleta de Fedeguayas y cont\u00f3 con la presencia de Roberto Ib\u00e1\u00f1ez Romero, viceministro del Deporte; Washington Guerrero Lara, gerente [&hellip;]<\/p>\n","protected":false},"author":2,"featured_media":59125,"comment_status":"open","ping_status":"closed","sticky":false,"template":"","format":"standard","meta":{"footnotes":""},"categories":[9],"tags":[9808],"class_list":["post-59124","post","type-post","status-publish","format-standard","has-post-thumbnail","hentry","category-deportes","tag-xvii-juegos-deportivos-nacionales-de-menores-guayas-2026"],"_links":{"self":[{"href":"https:\/\/radiocresatelital.com\/index.php?rest_route=\/wp\/v2\/posts\/59124","targetHints":{"allow":["GET"]}}],"collection":[{"href":"https:\/\/radiocresatelital.com\/index.php?rest_route=\/wp\/v2\/posts"}],"about":[{"href":"https:\/\/radiocresatelital.com\/index.php?rest_route=\/wp\/v2\/types\/post"}],"author":[{"embeddable":true,"href":"https:\/\/radiocresatelital.com\/index.php?rest_route=\/wp\/v2\/users\/2"}],"replies":[{"embeddable":true,"href":"https:\/\/radiocresatelital.com\/index.php?rest_route=%2Fwp%2Fv2%2Fcomments&post=59124"}],"version-history":[{"count":1,"href":"https:\/\/radiocresatelital.com\/index.php?rest_route=\/wp\/v2\/posts\/59124\/revisions"}],"predecessor-version":[{"id":59126,"href":"https:\/\/radiocresatelital.com\/index.php?rest_route=\/wp\/v2\/posts\/59124\/revisions\/59126"}],"wp:featuredmedia":[{"embeddable":true,"href":"https:\/\/radiocresatelital.com\/index.php?rest_route=\/wp\/v2\/media\/59125"}],"wp:attachment":[{"href":"https:\/\/radiocresatelital.com\/index.php?rest_route=%2Fwp%2Fv2%2Fmedia&parent=59124"}],"wp:term":[{"taxonomy":"category","embeddable":true,"href":"https:\/\/radiocresatelital.com\/index.php?rest_route=%2Fwp%2Fv2%2Fcategories&post=59124"},{"taxonomy":"post_tag","embeddable":true,"href":"https:\/\/radiocresatelital.com\/index.php?rest_route=%2Fwp%2Fv2%2Ftags&post=59124"}],"curies":[{"name":"wp","href":"https:\/\/api.w.org\/{rel}","templated":true}]}}