{"id":59121,"date":"2026-09-03T16:43:25","date_gmt":"2026-09-03T16:43:25","guid":{"rendered":"https:\/\/radiocresatelital.com\/?p=59121"},"modified":"2026-09-03T16:43:25","modified_gmt":"2026-09-03T16:43:25","slug":"conmebol-y-fifpro-unen-fuerzas-por-un-futbol-mas-inclusivo-y-libre-de-discriminacion","status":"publish","type":"post","link":"https:\/\/radiocresatelital.com\/?p=59121","title":{"rendered":"CONMEBOL y FIFPRO unen fuerzas por un f\u00fatbol m\u00e1s inclusivo y libre de discriminaci\u00f3n"},"content":{"rendered":"<p class=\"wp-block-paragraph\">Luque.- CONMEBOL y FIFPRO fortalecen su colaboraci\u00f3n para impulsar una agenda conjunta orientada a la educaci\u00f3n, la prevenci\u00f3n y la sensibilizaci\u00f3n frente al racismo y la discriminaci\u00f3n en el f\u00fatbol sudamericano.<\/p>\n<p class=\"wp-block-paragraph\">Como parte de esta colaboraci\u00f3n, ambas instituciones trabajar\u00e1n en el desarrollo de programas de educaci\u00f3n y formaci\u00f3n dirigidos a futbolistas, as\u00ed como en la creaci\u00f3n de espacios de di\u00e1logo y participaci\u00f3n que permitan incorporar la voz de los jugadores en el dise\u00f1o de iniciativas para prevenir y combatir el racismo y la discriminaci\u00f3n.<\/p>\n<p class=\"wp-block-paragraph\">A trav\u00e9s de estos espacios, se buscar\u00e1 identificar desafios, compartir aprendizajes y contribuir a generar entornos cada vez m\u00e1s respetuosos e inclusivos, dentro y fuera de la cancha.<\/p>\n<p class=\"wp-block-paragraph\">Estas acciones se enmarcan en el trabajo del Task Force creado por CONMEBOL para abordar el racismo, la discriminaci\u00f3n y la violencia en el f\u00fatbol sudamericano, liderado por Ronaldo Naz\u00e1rio, Fatma Samoura y Sergio Marchi, Presidente de FIFPRO. El grupo de trabajo viene impulsando una agenda orientada al desarrollo de pol\u00edticas, mecanismos de prevenci\u00f3n y acciones concretas que involucren a los distintos actores del f\u00fatbol de la regi\u00f3n.<\/p>\n<p class=\"wp-block-paragraph\">La colaboraci\u00f3n tambi\u00e9n forma parte de\u00a0<strong>El Respeto es Titular<\/strong>, la campa\u00f1a de CONMEBOL que busca generar conciencia y promover el respeto y la inclusi\u00f3n como valores fundamentales del f\u00fatbol sudamericano.<\/p>\n<p class=\"wp-block-paragraph\">Esta alianza entre CONMEBOL y FIFPRO representa un nuevo paso para transformar estos compromisos en acciones concretas, fortaleciendo la participaci\u00f3n de los futbolistas y promoviendo una cultura en la que el respeto sea siempre titular.<\/p>\n<p><em><strong>TOMADO DE CONMEBOL.COM<\/strong><\/em><\/p>\n","protected":false},"excerpt":{"rendered":"<p>Luque.- CONMEBOL y FIFPRO fortalecen su colaboraci\u00f3n para impulsar una agenda conjunta orientada a la educaci\u00f3n, la prevenci\u00f3n y la sensibilizaci\u00f3n frente al racismo y la discriminaci\u00f3n en el f\u00fatbol sudamericano. Como parte de esta colaboraci\u00f3n, ambas instituciones trabajar\u00e1n en el desarrollo de programas de educaci\u00f3n y formaci\u00f3n dirigidos a futbolistas, as\u00ed como en la [&hellip;]<\/p>\n","protected":false},"author":2,"featured_media":59122,"comment_status":"open","ping_status":"closed","sticky":false,"template":"","format":"standard","meta":{"footnotes":""},"categories":[7],"tags":[211,5085],"class_list":["post-59121","post","type-post","status-publish","format-standard","has-post-thumbnail","hentry","category-futbol-internacional","tag-conmebol","tag-fifpro"],"_links":{"self":[{"href":"https:\/\/radiocresatelital.com\/index.php?rest_route=\/wp\/v2\/posts\/59121","targetHints":{"allow":["GET"]}}],"collection":[{"href":"https:\/\/radiocresatelital.com\/index.php?rest_route=\/wp\/v2\/posts"}],"about":[{"href":"https:\/\/radiocresatelital.com\/index.php?rest_route=\/wp\/v2\/types\/post"}],"author":[{"embeddable":true,"href":"https:\/\/radiocresatelital.com\/index.php?rest_route=\/wp\/v2\/users\/2"}],"replies":[{"embeddable":true,"href":"https:\/\/radiocresatelital.com\/index.php?rest_route=%2Fwp%2Fv2%2Fcomments&post=59121"}],"version-history":[{"count":1,"href":"https:\/\/radiocresatelital.com\/index.php?rest_route=\/wp\/v2\/posts\/59121\/revisions"}],"predecessor-version":[{"id":59123,"href":"https:\/\/radiocresatelital.com\/index.php?rest_route=\/wp\/v2\/posts\/59121\/revisions\/59123"}],"wp:featuredmedia":[{"embeddable":true,"href":"https:\/\/radiocresatelital.com\/index.php?rest_route=\/wp\/v2\/media\/59122"}],"wp:attachment":[{"href":"https:\/\/radiocresatelital.com\/index.php?rest_route=%2Fwp%2Fv2%2Fmedia&parent=59121"}],"wp:term":[{"taxonomy":"category","embeddable":true,"href":"https:\/\/radiocresatelital.com\/index.php?rest_route=%2Fwp%2Fv2%2Fcategories&post=59121"},{"taxonomy":"post_tag","embeddable":true,"href":"https:\/\/radiocresatelital.com\/index.php?rest_route=%2Fwp%2Fv2%2Ftags&post=59121"}],"curies":[{"name":"wp","href":"https:\/\/api.w.org\/{rel}","templated":true}]}}