{"id":59118,"date":"2026-09-03T16:39:39","date_gmt":"2026-09-03T16:39:39","guid":{"rendered":"https:\/\/radiocresatelital.com\/?p=59118"},"modified":"2026-09-03T16:39:39","modified_gmt":"2026-09-03T16:39:39","slug":"ayudas-tecnicas-llegan-a-progreso-para-mejorar-la-calidad-de-vida-de-300-personas","status":"publish","type":"post","link":"https:\/\/radiocresatelital.com\/?p=59118","title":{"rendered":"Ayudas t\u00e9cnicas llegan a Progreso para mejorar la calidad de vida de 300 personas"},"content":{"rendered":"<p>Guayaquil.- La atenci\u00f3n social del Municipio de Guayaquil contin\u00faa acerc\u00e1ndose a los sectores m\u00e1s vulnerables, llevando soluciones concretas hasta las parroquias rurales del cant\u00f3n. Como parte de esta estrategia, la Direcci\u00f3n de Inclusi\u00f3n Social (DIS) y DASE EP entreg\u00f3 ayudas t\u00e9cnicas a 300 personas de la parroquia rural Progreso, fortaleciendo el acceso a servicios y recursos para quienes m\u00e1s lo necesitan.<\/p>\n<p>La jornada fue posible gracias a un trabajo previo de identificaci\u00f3n realizado mediante un registro social municipal para personas con discapacidad, desarrollado puerta a puerta en la comunidad. Este levantamiento permiti\u00f3 conocer las necesidades espec\u00edficas de los habitantes y brindar una respuesta acorde a cada caso.<\/p>\n<p>Durante la entrega se distribuyeron 45 sillas de ruedas, 30 bastones, 15 andadores y m\u00e1s de 200 pa\u00f1ales y pa\u00f1itos h\u00famedos, insumos destinados a favorecer la movilidad, la autonom\u00eda y el cuidado diario de los beneficiarios. Adem\u00e1s, est\u00e1 prevista una nueva jornada de atenci\u00f3n en aproximadamente 15 d\u00edas, como parte de una intervenci\u00f3n que se extender\u00e1 progresivamente a todas las parroquias rurales de Guayaquil.<\/p>\n<p>El concejal rural Manuel Romero acompa\u00f1\u00f3 la actividad y destac\u00f3 el alcance de la iniciativa. \u201cEso es algo que nunca antes se ha visto. Aqu\u00ed en administraci\u00f3n anteriores se entregaba una silla, dos sillas, dos bastones. Pero en esta administraci\u00f3n no solamente hemos visto esto en el cant\u00f3n Guayaquil, sino que tambi\u00e9n en las parroquias, entregar masivamente m\u00e1s de 200 ayudas t\u00e9cnicas obedece a que realmente las parroquias rurales no son excluidas, sino que todo esto es inclusi\u00f3n. Y eso es lo que realmente nos caracteriza\u201d, se\u00f1al\u00f3.<\/p>\n<p>La entrega tambi\u00e9n tuvo un impacto directo en la vida de personas como Juana Asencio, quien tiene discapacidad f\u00edsica y recibe tratamientos de di\u00e1lisis. \u201cLos d\u00edas que salgo de las di\u00e1lisis, salgo mareada, tienen que andarme agarrando, el d\u00eda martes me toc\u00f3 y hoy estoy recibiendo esto, que es una ayuda para m\u00ed\u201d, expres\u00f3.<\/p>\n<p>Acciones como esta reflejan una gesti\u00f3n que prioriza el contacto directo con la ciudadan\u00eda, identifica necesidades en territorio y las transforma en respuestas concretas para mejorar la calidad de vida de las familias.<\/p>\n<p>Las personas que requieran este tipo de apoyo pueden solicitar atenci\u00f3n a trav\u00e9s de la l\u00ednea 181 o de la Ventanilla Universal. Con este despliegue en las parroquias rurales, el Municipio de Guayaquil reafirma su compromiso con una inclusi\u00f3n social que llega hasta las comunidades y genera oportunidades para quienes m\u00e1s lo necesitan.<\/p>\n","protected":false},"excerpt":{"rendered":"<p>Guayaquil.- La atenci\u00f3n social del Municipio de Guayaquil contin\u00faa acerc\u00e1ndose a los sectores m\u00e1s vulnerables, llevando soluciones concretas hasta las parroquias rurales del cant\u00f3n. Como parte de esta estrategia, la Direcci\u00f3n de Inclusi\u00f3n Social (DIS) y DASE EP entreg\u00f3 ayudas t\u00e9cnicas a 300 personas de la parroquia rural Progreso, fortaleciendo el acceso a servicios y [&hellip;]<\/p>\n","protected":false},"author":2,"featured_media":59119,"comment_status":"open","ping_status":"closed","sticky":false,"template":"","format":"standard","meta":{"footnotes":""},"categories":[13],"tags":[9807],"class_list":["post-59118","post","type-post","status-publish","format-standard","has-post-thumbnail","hentry","category-noticias-nacionales","tag-atencion-social-del-municipio-de-guayaquil"],"_links":{"self":[{"href":"https:\/\/radiocresatelital.com\/index.php?rest_route=\/wp\/v2\/posts\/59118","targetHints":{"allow":["GET"]}}],"collection":[{"href":"https:\/\/radiocresatelital.com\/index.php?rest_route=\/wp\/v2\/posts"}],"about":[{"href":"https:\/\/radiocresatelital.com\/index.php?rest_route=\/wp\/v2\/types\/post"}],"author":[{"embeddable":true,"href":"https:\/\/radiocresatelital.com\/index.php?rest_route=\/wp\/v2\/users\/2"}],"replies":[{"embeddable":true,"href":"https:\/\/radiocresatelital.com\/index.php?rest_route=%2Fwp%2Fv2%2Fcomments&post=59118"}],"version-history":[{"count":1,"href":"https:\/\/radiocresatelital.com\/index.php?rest_route=\/wp\/v2\/posts\/59118\/revisions"}],"predecessor-version":[{"id":59120,"href":"https:\/\/radiocresatelital.com\/index.php?rest_route=\/wp\/v2\/posts\/59118\/revisions\/59120"}],"wp:featuredmedia":[{"embeddable":true,"href":"https:\/\/radiocresatelital.com\/index.php?rest_route=\/wp\/v2\/media\/59119"}],"wp:attachment":[{"href":"https:\/\/radiocresatelital.com\/index.php?rest_route=%2Fwp%2Fv2%2Fmedia&parent=59118"}],"wp:term":[{"taxonomy":"category","embeddable":true,"href":"https:\/\/radiocresatelital.com\/index.php?rest_route=%2Fwp%2Fv2%2Fcategories&post=59118"},{"taxonomy":"post_tag","embeddable":true,"href":"https:\/\/radiocresatelital.com\/index.php?rest_route=%2Fwp%2Fv2%2Ftags&post=59118"}],"curies":[{"name":"wp","href":"https:\/\/api.w.org\/{rel}","templated":true}]}}