{"id":59106,"date":"2026-09-02T21:38:21","date_gmt":"2026-09-02T21:38:21","guid":{"rendered":"https:\/\/radiocresatelital.com\/?p=59106"},"modified":"2026-09-02T21:38:21","modified_gmt":"2026-09-02T21:38:21","slug":"gobierno-de-daniel-noboa-fortalece-la-conservacion-de-las-fuentes-de-agua-se-declararon-mas-de-2-mil-hectareas-como-areas-de-proteccion-hidrica","status":"publish","type":"post","link":"https:\/\/radiocresatelital.com\/?p=59106","title":{"rendered":"Gobierno de Daniel Noboa fortalece la conservaci\u00f3n de las fuentes de agua: Se declararon m\u00e1s de 2 mil hect\u00e1reas como \u00c1reas de Protecci\u00f3n H\u00eddrica"},"content":{"rendered":"<p class=\"has-medium-font-size wp-block-paragraph\">Quito.- El Gobierno Nacional, a trav\u00e9s del Ministerio de Ambiente y Energ\u00eda, en cooperaci\u00f3n con la Organizaci\u00f3n del Tratado de Cooperaci\u00f3n Amaz\u00f3nica (OTCA), entreg\u00f3 oficialmente las resoluciones que declara a Nueva Esperanza como \u00c1rea de Protecci\u00f3n H\u00eddrica (APH) y como Zonas de Protecci\u00f3n H\u00eddrica (ZPH) de los r\u00edos Misahuall\u00ed y Calmitoyacu, ubicadas en el cant\u00f3n Archidona, provincia de Napo.<\/p>\n<p class=\"has-medium-font-size wp-block-paragraph\">La declaratoria del APH Nueva Esperanza fortalecer\u00e1 la protecci\u00f3n de la captaci\u00f3n del r\u00edo Misahuall\u00ed y la conservaci\u00f3n de las fuentes de agua destinadas al consumo humano. El \u00e1rea delimitada comprende 2 459,39 hect\u00e1reas y beneficia a 36 705 personas.<\/p>\n<p class=\"has-medium-font-size wp-block-paragraph\">Por su parte, las Zonas de Protecci\u00f3n H\u00eddrica son mecanismos destinados a conservar las fuentes de agua, los cauces y sus ecosistemas asociados. La ZPH del r\u00edo Misahuall\u00ed comprende 11,09 hect\u00e1reas y cuenta con aproximadamente 381 beneficiarios; mientras que la ZPH del r\u00edo Calmitoyacu abarca 13,04 hect\u00e1reas y beneficia a un estimado de 192 personas.<\/p>\n<p class=\"has-medium-font-size wp-block-paragraph\">Estas acciones forman parte de la Intervenci\u00f3n Nacional 2.2.2 \u201cMecanismos de conservaci\u00f3n, protecci\u00f3n, mejora y garant\u00edas preventivas en cabeceras de cuencas amaz\u00f3nicas ecuatorianas\u201d, ejecutada en el marco del Proyecto Cuenca Amaz\u00f3nica, con el apoyo de la Organizaci\u00f3n del Tratado de Cooperaci\u00f3n Amaz\u00f3nica (OTCA). Esta cooperaci\u00f3n promueve la gesti\u00f3n integrada y sostenible de los recursos h\u00eddricos de la Amazon\u00eda, considerando la variabilidad y el cambio clim\u00e1tico.<\/p>\n<p class=\"has-medium-font-size wp-block-paragraph\">El acto se desarroll\u00f3 en el cant\u00f3n Archidona, provincia de Napo, con la participaci\u00f3n de autoridades nacionales y locales, representantes comunitarios, propietarios de predios, organizaciones vinculadas a la gesti\u00f3n del agua y actores involucrados en los procesos de protecci\u00f3n h\u00eddrica.<\/p>\n<p class=\"has-medium-font-size wp-block-paragraph\">Con la incorporaci\u00f3n de esta nueva \u00c1rea de Protecci\u00f3n H\u00eddrica, Ecuador alcanza un total de 43 APH a escala nacional, que representan 414 692,53 hect\u00e1reas protegidas, equivalentes al 1,66 % del territorio ecuatoriano, y benefician directamente a 710.155 personas.<\/p>\n<p class=\"has-medium-font-size wp-block-paragraph\">El Ministerio de Ambiente y Energ\u00eda continua con el impulso de la gesti\u00f3n integral y sostenible de los recursos h\u00eddricos de la cuenca amaz\u00f3nica ecuatoriana, mediante la articulaci\u00f3n de esfuerzos interinstitucionales, para fortalecer la seguridad h\u00eddrica y conservar las fuentes de agua para las actuales y futuras generaciones.<\/p>\n","protected":false},"excerpt":{"rendered":"<p>Quito.- El Gobierno Nacional, a trav\u00e9s del Ministerio de Ambiente y Energ\u00eda, en cooperaci\u00f3n con la Organizaci\u00f3n del Tratado de Cooperaci\u00f3n Amaz\u00f3nica (OTCA), entreg\u00f3 oficialmente las resoluciones que declara a Nueva Esperanza como \u00c1rea de Protecci\u00f3n H\u00eddrica (APH) y como Zonas de Protecci\u00f3n H\u00eddrica (ZPH) de los r\u00edos Misahuall\u00ed y Calmitoyacu, ubicadas en el cant\u00f3n [&hellip;]<\/p>\n","protected":false},"author":2,"featured_media":59107,"comment_status":"open","ping_status":"closed","sticky":false,"template":"","format":"standard","meta":{"footnotes":""},"categories":[13],"tags":[5422,5245],"class_list":["post-59106","post","type-post","status-publish","format-standard","has-post-thumbnail","hentry","category-noticias-nacionales","tag-ministerio-de-ambiente-y-energia","tag-organizacion-del-tratado-de-cooperacion-amazonica"],"_links":{"self":[{"href":"https:\/\/radiocresatelital.com\/index.php?rest_route=\/wp\/v2\/posts\/59106","targetHints":{"allow":["GET"]}}],"collection":[{"href":"https:\/\/radiocresatelital.com\/index.php?rest_route=\/wp\/v2\/posts"}],"about":[{"href":"https:\/\/radiocresatelital.com\/index.php?rest_route=\/wp\/v2\/types\/post"}],"author":[{"embeddable":true,"href":"https:\/\/radiocresatelital.com\/index.php?rest_route=\/wp\/v2\/users\/2"}],"replies":[{"embeddable":true,"href":"https:\/\/radiocresatelital.com\/index.php?rest_route=%2Fwp%2Fv2%2Fcomments&post=59106"}],"version-history":[{"count":1,"href":"https:\/\/radiocresatelital.com\/index.php?rest_route=\/wp\/v2\/posts\/59106\/revisions"}],"predecessor-version":[{"id":59108,"href":"https:\/\/radiocresatelital.com\/index.php?rest_route=\/wp\/v2\/posts\/59106\/revisions\/59108"}],"wp:featuredmedia":[{"embeddable":true,"href":"https:\/\/radiocresatelital.com\/index.php?rest_route=\/wp\/v2\/media\/59107"}],"wp:attachment":[{"href":"https:\/\/radiocresatelital.com\/index.php?rest_route=%2Fwp%2Fv2%2Fmedia&parent=59106"}],"wp:term":[{"taxonomy":"category","embeddable":true,"href":"https:\/\/radiocresatelital.com\/index.php?rest_route=%2Fwp%2Fv2%2Fcategories&post=59106"},{"taxonomy":"post_tag","embeddable":true,"href":"https:\/\/radiocresatelital.com\/index.php?rest_route=%2Fwp%2Fv2%2Ftags&post=59106"}],"curies":[{"name":"wp","href":"https:\/\/api.w.org\/{rel}","templated":true}]}}