{"id":59103,"date":"2026-09-02T21:36:36","date_gmt":"2026-09-02T21:36:36","guid":{"rendered":"https:\/\/radiocresatelital.com\/?p=59103"},"modified":"2026-09-02T21:36:36","modified_gmt":"2026-09-02T21:36:36","slug":"samborondon-extiende-hasta-el-25-de-septiembre-la-convocatoria-para-proyectos-juveniles-de-accion-climatica","status":"publish","type":"post","link":"https:\/\/radiocresatelital.com\/?p=59103","title":{"rendered":"Samborond\u00f3n extiende hasta el 25 de septiembre la convocatoria para proyectos juveniles de acci\u00f3n clim\u00e1tica"},"content":{"rendered":"<p>Samborond\u00f3n.- La Alcald\u00eda de Samborond\u00f3n extendi\u00f3 hasta el 25 de septiembre el plazo para presentar proyectos en el Fondo Juventud y Acci\u00f3n Clim\u00e1tica \u2013 Proyectos Verdes Juveniles Samborond\u00f3n, iniciativa que financiar\u00e1 propuestas lideradas por j\u00f3venes de entre 15 y 24 a\u00f1os para desarrollar soluciones frente a desaf\u00edos ambientales y clim\u00e1ticos en el cant\u00f3n.<\/p>\n<p>La ampliaci\u00f3n del plazo permitir\u00e1 que m\u00e1s j\u00f3venes preparen y presenten sus iniciativas en \u00e1reas como restauraci\u00f3n ambiental, econom\u00eda circular, movilidad sostenible, gesti\u00f3n h\u00eddrica, reciclaje, infraestructura verde y educaci\u00f3n ambiental. Los proyectos seleccionados recibir\u00e1n financiamiento de entre USD 1.000 y USD 5.000, adem\u00e1s de acompa\u00f1amiento t\u00e9cnico para su implementaci\u00f3n.<\/p>\n<p>El Fondo Juventud y Acci\u00f3n Clim\u00e1tica forma parte del plan Samborond\u00f3n 2030, la hoja de ruta de desarrollo sostenible del cant\u00f3n, y cuenta con el respaldo de Bloomberg Philanthropies y Ciudades y Gobiernos Locales Unidos (CGLU). La convocatoria busca incorporar las ideas y propuestas de las nuevas generaciones en la construcci\u00f3n de soluciones ambientales aplicables a su comunidad.<\/p>\n<p>Podr\u00e1n participar j\u00f3venes residentes de Samborond\u00f3n organizados en equipos de entre dos y cinco integrantes, con el respaldo de una instituci\u00f3n educativa, fundaci\u00f3n, organizaci\u00f3n o asociaci\u00f3n legalmente constituida.<\/p>\n<p>Los interesados tendr\u00e1n ahora hasta el 25 de septiembre para presentar sus proyectos. Las bases, requisitos y dem\u00e1s informaci\u00f3n de la convocatoria est\u00e1n disponibles en www.samborondon.gob.ec\/accion-climatica.<\/p>\n<p>A trav\u00e9s de esta iniciativa, Samborond\u00f3n promueve la participaci\u00f3n juvenil en proyectos vinculados con la sostenibilidad y abre espacios para que las nuevas generaciones contribuyan con soluciones frente a los desaf\u00edos ambientales del cant\u00f3n.<\/p>\n","protected":false},"excerpt":{"rendered":"<p>Samborond\u00f3n.- La Alcald\u00eda de Samborond\u00f3n extendi\u00f3 hasta el 25 de septiembre el plazo para presentar proyectos en el Fondo Juventud y Acci\u00f3n Clim\u00e1tica \u2013 Proyectos Verdes Juveniles Samborond\u00f3n, iniciativa que financiar\u00e1 propuestas lideradas por j\u00f3venes de entre 15 y 24 a\u00f1os para desarrollar soluciones frente a desaf\u00edos ambientales y clim\u00e1ticos en el cant\u00f3n. La ampliaci\u00f3n [&hellip;]<\/p>\n","protected":false},"author":2,"featured_media":59104,"comment_status":"open","ping_status":"closed","sticky":false,"template":"","format":"standard","meta":{"footnotes":""},"categories":[13],"tags":[2311,9805],"class_list":["post-59103","post","type-post","status-publish","format-standard","has-post-thumbnail","hentry","category-noticias-nacionales","tag-alcaldia-de-samborondon","tag-fondo-juventud-y-accion-climatica-proyectos-verdes-juveniles-samborondon"],"_links":{"self":[{"href":"https:\/\/radiocresatelital.com\/index.php?rest_route=\/wp\/v2\/posts\/59103","targetHints":{"allow":["GET"]}}],"collection":[{"href":"https:\/\/radiocresatelital.com\/index.php?rest_route=\/wp\/v2\/posts"}],"about":[{"href":"https:\/\/radiocresatelital.com\/index.php?rest_route=\/wp\/v2\/types\/post"}],"author":[{"embeddable":true,"href":"https:\/\/radiocresatelital.com\/index.php?rest_route=\/wp\/v2\/users\/2"}],"replies":[{"embeddable":true,"href":"https:\/\/radiocresatelital.com\/index.php?rest_route=%2Fwp%2Fv2%2Fcomments&post=59103"}],"version-history":[{"count":1,"href":"https:\/\/radiocresatelital.com\/index.php?rest_route=\/wp\/v2\/posts\/59103\/revisions"}],"predecessor-version":[{"id":59105,"href":"https:\/\/radiocresatelital.com\/index.php?rest_route=\/wp\/v2\/posts\/59103\/revisions\/59105"}],"wp:featuredmedia":[{"embeddable":true,"href":"https:\/\/radiocresatelital.com\/index.php?rest_route=\/wp\/v2\/media\/59104"}],"wp:attachment":[{"href":"https:\/\/radiocresatelital.com\/index.php?rest_route=%2Fwp%2Fv2%2Fmedia&parent=59103"}],"wp:term":[{"taxonomy":"category","embeddable":true,"href":"https:\/\/radiocresatelital.com\/index.php?rest_route=%2Fwp%2Fv2%2Fcategories&post=59103"},{"taxonomy":"post_tag","embeddable":true,"href":"https:\/\/radiocresatelital.com\/index.php?rest_route=%2Fwp%2Fv2%2Ftags&post=59103"}],"curies":[{"name":"wp","href":"https:\/\/api.w.org\/{rel}","templated":true}]}}