{"id":59091,"date":"2026-09-02T18:18:21","date_gmt":"2026-09-02T18:18:21","guid":{"rendered":"https:\/\/radiocresatelital.com\/?p=59091"},"modified":"2026-09-02T21:19:28","modified_gmt":"2026-09-02T21:19:28","slug":"cuenca-sera-escenario-de-un-gran-encuentro-sobre-el-futuro-de-la-industria-inteligente","status":"publish","type":"post","link":"https:\/\/radiocresatelital.com\/?p=59091","title":{"rendered":"Cuenca ser\u00e1 escenario de un gran encuentro sobre el futuro de la industria inteligente"},"content":{"rendered":"<p>Cuenca.- El pr\u00f3ximo 15 de septiembre, Cuenca ser\u00e1 escenario de SmartCity Cuenca 2026, un encuentro que reunir\u00e1 al sector p\u00fablico, la empresa privada y l\u00edderes de distintas industrias para analizar los desaf\u00edos y oportunidades que marcar\u00e1n el futuro de las ciudades y de la industria ecuatoriana.<\/p>\n<p>Bajo el concepto \u201cIndustria Inteligente\u201d, SmartCity Cuenca plantea una pregunta central:<\/p>\n<p><strong>\u00bfC\u00f3mo se transformar\u00e1 la industria ecuatoriana en la pr\u00f3xima d\u00e9cada?<\/strong><\/p>\n<p>La jornada buscar\u00e1 generar una conversaci\u00f3n estrat\u00e9gica sobre innovaci\u00f3n, transformaci\u00f3n digital, inteligencia artificial, conectividad, movilidad, sostenibilidad y competitividad, poniendo el foco en c\u00f3mo estas herramientas pueden convertirse en soluciones reales para las empresas, las ciudades y sus ciudadanos.<\/p>\n<p><strong>Una alianza para transformar Cuenca<\/strong><\/p>\n<p>Uno de los principales valores de SmartCity Cuenca ser\u00e1 la articulaci\u00f3n entre el sector p\u00fablico y privado.<\/p>\n<p>El encuentro contar\u00e1 con la participaci\u00f3n de la Alcald\u00eda de Cuenca, junto a empresas, organizaciones y representantes de sectores estrat\u00e9gicos de la ciudad y del pa\u00eds, generando un espacio de di\u00e1logo y colaboraci\u00f3n alrededor de una visi\u00f3n compartida: construir una Cuenca preparada para los desaf\u00edos de la pr\u00f3xima d\u00e9cada.<\/p>\n<p>Esta alianza busca demostrar que la transformaci\u00f3n de una ciudad no depende exclusivamente de la tecnolog\u00eda, sino de la capacidad de gobiernos, empresas, instituciones y ciudadanos para trabajar de manera conjunta.<\/p>\n<p><strong>Cuenca, coraz\u00f3n industrial y visi\u00f3n estrat\u00e9gica<\/strong><\/p>\n<p>Cuenca tiene un papel fundamental dentro del desarrollo productivo del Ecuador. Su industria, talento, capacidad empresarial y ubicaci\u00f3n estrat\u00e9gica la convierten en un territorio con grandes oportunidades para avanzar hacia nuevos modelos de innovaci\u00f3n y competitividad.<\/p>\n<p>SmartCity Cuenca propone poner esa realidad en el centro de la conversaci\u00f3n y conectar el potencial industrial de la ciudad con las nuevas tendencias que est\u00e1n transformando el mundo.<\/p>\n<p>La agenda incluir\u00e1 conferencias, paneles y espacios de networking en torno a temas como territorios inteligentes, conectividad, movilidad, innovaci\u00f3n empresarial, sostenibilidad, tecnolog\u00eda y bienestar.<\/p>\n<p>SmartCity Cuenca 2026 forma parte de la plataforma SmartCity Ecuador, que impulsa espacios de encuentro entre l\u00edderes p\u00fablicos y privados para abordar los grandes desaf\u00edos y oportunidades de las ciudades frente a la transformaci\u00f3n tecnol\u00f3gica, econ\u00f3mica y social.<\/p>\n<p>El encuentro se realizar\u00e1 el 15 de septiembre de 2026 en Quinta Lucrecia, Cuenca, y convocar\u00e1 a representantes del sector p\u00fablico, empresarios, ejecutivos, profesionales, expertos y actores vinculados al desarrollo de la ciudad y del pa\u00eds.<\/p>\n","protected":false},"excerpt":{"rendered":"<p>Cuenca.- El pr\u00f3ximo 15 de septiembre, Cuenca ser\u00e1 escenario de SmartCity Cuenca 2026, un encuentro que reunir\u00e1 al sector p\u00fablico, la empresa privada y l\u00edderes de distintas industrias para analizar los desaf\u00edos y oportunidades que marcar\u00e1n el futuro de las ciudades y de la industria ecuatoriana. Bajo el concepto \u201cIndustria Inteligente\u201d, SmartCity Cuenca plantea una [&hellip;]<\/p>\n","protected":false},"author":2,"featured_media":59092,"comment_status":"open","ping_status":"closed","sticky":false,"template":"","format":"standard","meta":{"footnotes":""},"categories":[13],"tags":[9802],"class_list":["post-59091","post","type-post","status-publish","format-standard","has-post-thumbnail","hentry","category-noticias-nacionales","tag-smartcity-cuenca-2026"],"_links":{"self":[{"href":"https:\/\/radiocresatelital.com\/index.php?rest_route=\/wp\/v2\/posts\/59091","targetHints":{"allow":["GET"]}}],"collection":[{"href":"https:\/\/radiocresatelital.com\/index.php?rest_route=\/wp\/v2\/posts"}],"about":[{"href":"https:\/\/radiocresatelital.com\/index.php?rest_route=\/wp\/v2\/types\/post"}],"author":[{"embeddable":true,"href":"https:\/\/radiocresatelital.com\/index.php?rest_route=\/wp\/v2\/users\/2"}],"replies":[{"embeddable":true,"href":"https:\/\/radiocresatelital.com\/index.php?rest_route=%2Fwp%2Fv2%2Fcomments&post=59091"}],"version-history":[{"count":1,"href":"https:\/\/radiocresatelital.com\/index.php?rest_route=\/wp\/v2\/posts\/59091\/revisions"}],"predecessor-version":[{"id":59093,"href":"https:\/\/radiocresatelital.com\/index.php?rest_route=\/wp\/v2\/posts\/59091\/revisions\/59093"}],"wp:featuredmedia":[{"embeddable":true,"href":"https:\/\/radiocresatelital.com\/index.php?rest_route=\/wp\/v2\/media\/59092"}],"wp:attachment":[{"href":"https:\/\/radiocresatelital.com\/index.php?rest_route=%2Fwp%2Fv2%2Fmedia&parent=59091"}],"wp:term":[{"taxonomy":"category","embeddable":true,"href":"https:\/\/radiocresatelital.com\/index.php?rest_route=%2Fwp%2Fv2%2Fcategories&post=59091"},{"taxonomy":"post_tag","embeddable":true,"href":"https:\/\/radiocresatelital.com\/index.php?rest_route=%2Fwp%2Fv2%2Ftags&post=59091"}],"curies":[{"name":"wp","href":"https:\/\/api.w.org\/{rel}","templated":true}]}}