{"id":59064,"date":"2026-09-02T18:47:11","date_gmt":"2026-09-02T18:47:11","guid":{"rendered":"https:\/\/radiocresatelital.com\/?p=59064"},"modified":"2026-09-02T18:47:11","modified_gmt":"2026-09-02T18:47:11","slug":"presidente-daniel-noboa-amplia-la-oferta-de-educacion-superior-publica-con-cerca-de-13-000-cupos-adicionales-en-2026","status":"publish","type":"post","link":"https:\/\/radiocresatelital.com\/?p=59064","title":{"rendered":"Presidente Daniel Noboa ampl\u00eda la oferta de Educaci\u00f3n Superior P\u00fablica con cerca de 13.000 cupos adicionales en 2026"},"content":{"rendered":"<p>Quito.-\u00a0El Gobierno Nacional, a trav\u00e9s del Ministerio de Educaci\u00f3n, Deporte y Cultura (MINEDEC), fortalece las oportunidades de acceso a la educaci\u00f3n superior p\u00fablica con cerca de 13.000 cupos adicionales en 2026 frente a 2025. Con este crecimiento, la oferta de universidades, escuelas polit\u00e9cnicas, institutos y conservatorios superiores p\u00fablicos pasa de 272.211 cupos en 2025 a 285.115 en 2026.<\/p>\n<p>De este incremento, 9.811 cupos corresponden al primer per\u00edodo acad\u00e9mico y 3.093 al segundo per\u00edodo, actualmente en curso. Esto permite que m\u00e1s j\u00f3venes cuenten con opciones para iniciar una carrera universitaria o acceder a programas de formaci\u00f3n t\u00e9cnica y tecnol\u00f3gica p\u00fablica.<\/p>\n<p>El resultado alcanzado este a\u00f1o se suma a una evoluci\u00f3n sostenida durante el actual Gobierno. Entre 2024 y 2026, bajo el mandato del presidente Daniel Noboa, las instituciones de educaci\u00f3n superior p\u00fablicas han ofertado un total acumulado de 807.063 cupos. En este per\u00edodo, la cifra pas\u00f3 de 249.737 en 2024 a 272.211 en 2025 y alcanza los 285.115 en 2026.<\/p>\n<p>A este avance se suma una mayor inversi\u00f3n para fortalecer las capacidades institucionales. En 2026, se incrementaron en USD 59,7 millones los recursos destinados a las universidades y escuelas polit\u00e9cnicas p\u00fablicas, cofinanciadas y de posgrado, con el prop\u00f3sito de impulsar la mejora de la calidad educativa y generar condiciones para ampliar el acceso a la educaci\u00f3n superior.<\/p>\n<p>\u201cTrabajamos para que ning\u00fan joven abandone sus estudios por falta de oportunidades. Entre 2024 y 2026, hemos adjudicado m\u00e1s de 560 mil becas y ayudas econ\u00f3micas para que m\u00e1s ecuatorianos puedan acceder, permanecer y culminar su formaci\u00f3n superior. Invertir en educaci\u00f3n es invertir en sus sue\u00f1os y en el futuro del pa\u00eds\u201d, afirma Gilda Alc\u00edvar Garc\u00eda, ministra de Educaci\u00f3n, Deporte y Cultura.<\/p>\n<p>Con estas acciones, el Gobierno Nacional reafirma su compromiso de ampliar el acceso a la educaci\u00f3n superior p\u00fablica, con una mayor oferta de cupos y programas orientados a fortalecer las instituciones y apoyar la permanencia y culminaci\u00f3n de los estudios de la juventud.<\/p>\n","protected":false},"excerpt":{"rendered":"<p>Quito.-\u00a0El Gobierno Nacional, a trav\u00e9s del Ministerio de Educaci\u00f3n, Deporte y Cultura (MINEDEC), fortalece las oportunidades de acceso a la educaci\u00f3n superior p\u00fablica con cerca de 13.000 cupos adicionales en 2026 frente a 2025. Con este crecimiento, la oferta de universidades, escuelas polit\u00e9cnicas, institutos y conservatorios superiores p\u00fablicos pasa de 272.211 cupos en 2025 a [&hellip;]<\/p>\n","protected":false},"author":2,"featured_media":59065,"comment_status":"open","ping_status":"closed","sticky":false,"template":"","format":"standard","meta":{"footnotes":""},"categories":[13],"tags":[9797,444],"class_list":["post-59064","post","type-post","status-publish","format-standard","has-post-thumbnail","hentry","category-noticias-nacionales","tag-deporte-y-cultura","tag-ministerio-de-educacion"],"_links":{"self":[{"href":"https:\/\/radiocresatelital.com\/index.php?rest_route=\/wp\/v2\/posts\/59064","targetHints":{"allow":["GET"]}}],"collection":[{"href":"https:\/\/radiocresatelital.com\/index.php?rest_route=\/wp\/v2\/posts"}],"about":[{"href":"https:\/\/radiocresatelital.com\/index.php?rest_route=\/wp\/v2\/types\/post"}],"author":[{"embeddable":true,"href":"https:\/\/radiocresatelital.com\/index.php?rest_route=\/wp\/v2\/users\/2"}],"replies":[{"embeddable":true,"href":"https:\/\/radiocresatelital.com\/index.php?rest_route=%2Fwp%2Fv2%2Fcomments&post=59064"}],"version-history":[{"count":1,"href":"https:\/\/radiocresatelital.com\/index.php?rest_route=\/wp\/v2\/posts\/59064\/revisions"}],"predecessor-version":[{"id":59066,"href":"https:\/\/radiocresatelital.com\/index.php?rest_route=\/wp\/v2\/posts\/59064\/revisions\/59066"}],"wp:featuredmedia":[{"embeddable":true,"href":"https:\/\/radiocresatelital.com\/index.php?rest_route=\/wp\/v2\/media\/59065"}],"wp:attachment":[{"href":"https:\/\/radiocresatelital.com\/index.php?rest_route=%2Fwp%2Fv2%2Fmedia&parent=59064"}],"wp:term":[{"taxonomy":"category","embeddable":true,"href":"https:\/\/radiocresatelital.com\/index.php?rest_route=%2Fwp%2Fv2%2Fcategories&post=59064"},{"taxonomy":"post_tag","embeddable":true,"href":"https:\/\/radiocresatelital.com\/index.php?rest_route=%2Fwp%2Fv2%2Ftags&post=59064"}],"curies":[{"name":"wp","href":"https:\/\/api.w.org\/{rel}","templated":true}]}}