{"id":59061,"date":"2026-09-02T18:25:40","date_gmt":"2026-09-02T18:25:40","guid":{"rendered":"https:\/\/radiocresatelital.com\/?p=59061"},"modified":"2026-09-02T18:25:40","modified_gmt":"2026-09-02T18:25:40","slug":"gobierno-de-daniel-noboa-da-un-paso-historico-en-beneficio-de-la-ninez-con-la-aprobacion-del-plan-nacional-de-primera-infancia","status":"publish","type":"post","link":"https:\/\/radiocresatelital.com\/?p=59061","title":{"rendered":"Gobierno de Daniel Noboa da un paso hist\u00f3rico en beneficio de la ni\u00f1ez con la aprobaci\u00f3n del Plan Nacional de Primera Infancia"},"content":{"rendered":"<p class=\"wp-block-paragraph\">Quito. \u2013 El Gobierno del Presidente Daniel Noboa dio un paso hist\u00f3rico durante el \u00faltimo Comit\u00e9 Nacional de Primera Infancia, realizado el pasado 28 de agosto, en Latacunga, con la aprobaci\u00f3n del Plan Nacional de Primera Infancia. Esta herramienta de pol\u00edtica p\u00fablica permitir\u00e1 garantizar el desarrollo y bienestar integral de ni\u00f1as y ni\u00f1os, desde la gestaci\u00f3n hasta los 6 a\u00f1os de edad.<\/p>\n<p class=\"wp-block-paragraph\">La construcci\u00f3n del Plan fue liderado por el Ministerio de Trabajo y Desarrollo Humano (MTDH), con el compromiso de su m\u00e1xima autoridad, la ministra Cynthia Gellibert. Este proceso se desarroll\u00f3 en coordinaci\u00f3n con la Vicepresidencia de la Rep\u00fablica, otras carteras de Estado, instituciones y gobiernos aut\u00f3nomos descentralizados provinciales, municipales y parroquiales que forman parte de este Comit\u00e9.<\/p>\n<p class=\"wp-block-paragraph\">El Plan articula la acci\u00f3n del Estado alrededor de 9 ejes, 28 l\u00edneas de pol\u00edtica, 109 acciones estrat\u00e9gicas, 95 prestaciones del Paquete Integral de Servicios y 35 indicadores de seguimiento. De estos, cinco son ejes estrat\u00e9gicos basados en el marco internacional del Cuidado Cari\u00f1oso y Sensible: buena salud; nutrici\u00f3n adecuada; atenci\u00f3n receptiva; oportunidades para el aprendizaje temprano; y protecci\u00f3n y seguridad.<\/p>\n<p class=\"wp-block-paragraph\">A estos se suman cuatro ejes de soporte vinculados con la gobernanza y articulaci\u00f3n intersectorial; seguimiento e informaci\u00f3n; fortalecimiento de capacidades institucionales; y financiamiento y presupuesto.<\/p>\n<p class=\"wp-block-paragraph\">La construcci\u00f3n del Plan cont\u00f3 con la participaci\u00f3n de 606 representantes de la sociedad civil, la academia y entidades del Estado, as\u00ed como de madres y padres de familia usuarios de los servicios de desarrollo infantil y otros servicios del MTDH. Adem\u00e1s, tuvo el apoyo t\u00e9cnico de UNICEF, el Banco Mundial, el Banco de Desarrollo de Am\u00e9rica Latina y el Caribe y el Banco Interamericano de Desarrollo.<\/p>\n<p class=\"wp-block-paragraph\">La aprobaci\u00f3n del Plan reforzar\u00e1 las acciones y programas permanentes que lleva adelante esta cartera de Estado en beneficio de la ni\u00f1ez. Actualmente, a trav\u00e9s de sus servicios de desarrollo infantil, el MTDH brinda atenci\u00f3n y cuidados a m\u00e1s de 285.000 ni\u00f1as y ni\u00f1os de 0 a 3 a\u00f1os de edad, mediante las modalidades Centros de Desarrollo Infantil y Creciendo con Nuestros Hijos.<\/p>\n<p class=\"wp-block-paragraph\">Asimismo, permitir\u00e1 fortalecer la articulaci\u00f3n y coordinaci\u00f3n interinstitucional e intersectorial para enfrentar y prevenir problem\u00e1ticas como la desnutrici\u00f3n cr\u00f3nica infantil.<\/p>\n<p class=\"wp-block-paragraph\">A trav\u00e9s de estas iniciativas, el Gobierno Nacional ratifica su compromiso con la primera infancia y prioriza el desarrollo infantil integral de las ni\u00f1as y ni\u00f1os del pa\u00eds durante sus primeros a\u00f1os de vida.<\/p>\n","protected":false},"excerpt":{"rendered":"<p>Quito. \u2013 El Gobierno del Presidente Daniel Noboa dio un paso hist\u00f3rico durante el \u00faltimo Comit\u00e9 Nacional de Primera Infancia, realizado el pasado 28 de agosto, en Latacunga, con la aprobaci\u00f3n del Plan Nacional de Primera Infancia. Esta herramienta de pol\u00edtica p\u00fablica permitir\u00e1 garantizar el desarrollo y bienestar integral de ni\u00f1as y ni\u00f1os, desde la [&hellip;]<\/p>\n","protected":false},"author":2,"featured_media":59062,"comment_status":"open","ping_status":"closed","sticky":false,"template":"","format":"standard","meta":{"footnotes":""},"categories":[13],"tags":[9796,1322],"class_list":["post-59061","post","type-post","status-publish","format-standard","has-post-thumbnail","hentry","category-noticias-nacionales","tag-comite-nacional-de-primera-infancia","tag-presidente-daniel-noboa"],"_links":{"self":[{"href":"https:\/\/radiocresatelital.com\/index.php?rest_route=\/wp\/v2\/posts\/59061","targetHints":{"allow":["GET"]}}],"collection":[{"href":"https:\/\/radiocresatelital.com\/index.php?rest_route=\/wp\/v2\/posts"}],"about":[{"href":"https:\/\/radiocresatelital.com\/index.php?rest_route=\/wp\/v2\/types\/post"}],"author":[{"embeddable":true,"href":"https:\/\/radiocresatelital.com\/index.php?rest_route=\/wp\/v2\/users\/2"}],"replies":[{"embeddable":true,"href":"https:\/\/radiocresatelital.com\/index.php?rest_route=%2Fwp%2Fv2%2Fcomments&post=59061"}],"version-history":[{"count":1,"href":"https:\/\/radiocresatelital.com\/index.php?rest_route=\/wp\/v2\/posts\/59061\/revisions"}],"predecessor-version":[{"id":59063,"href":"https:\/\/radiocresatelital.com\/index.php?rest_route=\/wp\/v2\/posts\/59061\/revisions\/59063"}],"wp:featuredmedia":[{"embeddable":true,"href":"https:\/\/radiocresatelital.com\/index.php?rest_route=\/wp\/v2\/media\/59062"}],"wp:attachment":[{"href":"https:\/\/radiocresatelital.com\/index.php?rest_route=%2Fwp%2Fv2%2Fmedia&parent=59061"}],"wp:term":[{"taxonomy":"category","embeddable":true,"href":"https:\/\/radiocresatelital.com\/index.php?rest_route=%2Fwp%2Fv2%2Fcategories&post=59061"},{"taxonomy":"post_tag","embeddable":true,"href":"https:\/\/radiocresatelital.com\/index.php?rest_route=%2Fwp%2Fv2%2Ftags&post=59061"}],"curies":[{"name":"wp","href":"https:\/\/api.w.org\/{rel}","templated":true}]}}