{"id":59058,"date":"2026-09-02T18:23:25","date_gmt":"2026-09-02T18:23:25","guid":{"rendered":"https:\/\/radiocresatelital.com\/?p=59058"},"modified":"2026-09-02T18:23:25","modified_gmt":"2026-09-02T18:23:25","slug":"gobierno-de-daniel-noboa-paga-a-proveedores-servicios-publicos-y-devolucion-del-iva-usd-1-454-millones-mas-que-el-ano-anterior","status":"publish","type":"post","link":"https:\/\/radiocresatelital.com\/?p=59058","title":{"rendered":"Gobierno de Daniel Noboa paga a proveedores, servicios p\u00fablicos y devoluci\u00f3n del IVA, USD 1.454 millones m\u00e1s que el a\u00f1o anterior"},"content":{"rendered":"<p>Quito.- El manejo responsable de las finanzas p\u00fablicas por parte del gobierno del Presidente Daniel Noboa permiti\u00f3 que el Ministerio de Desarrollo Econ\u00f3mico y Productivo, a trav\u00e9s de la Tesorer\u00eda de la Naci\u00f3n, cuente con la liquidez necesaria para que el Estado cumpla con sus obligaciones de forma oportuna.<\/p>\n<p>Los pagos realizados se han canalizado hacia los sectores y servicios que para este gobierno son prioritarios y estrat\u00e9gicos.<\/p>\n<p>Cumplir de forma eficiente y oportuna con los pagos a los proveedores garantiza y protege el acceso de la poblaci\u00f3n a servicios de educaci\u00f3n, salud y protecci\u00f3n social, a m\u00e1s de continuar ininterrumpidamente con la construcci\u00f3n de obras p\u00fablicas, mantenimiento de infraestructuras, as\u00ed como tambi\u00e9n la prestaci\u00f3n de servicios de limpieza y seguridad, entre otros.<\/p>\n<p>Tambi\u00e9n se prioriz\u00f3 la devoluci\u00f3n del IVA a los grupos de atenci\u00f3n prioritaria, particularmente a los adultos mayores y a las personas con discapacidad, lo que evidencia las acciones implementadas por el Gobierno para garantizar la protecci\u00f3n y el bienestar de estos sectores de la poblaci\u00f3n. Entre enero y agosto de 2026, el monto destinado a la devoluci\u00f3n del IVA registr\u00f3 un incremento de USD 217 millones, equivalente a un crecimiento del 76 % respecto del mismo per\u00edodo de 2025.<\/p>\n<p>El aumento en esta inyecci\u00f3n de recursos aporta, adem\u00e1s, al crecimiento econ\u00f3mico del Ecuador, ya que se garantiza el funcionamiento de las micro, peque\u00f1as y medianas empresas que trabajan con el Estado, protegiendo el empleo y generando un c\u00edrculo virtuoso de dinamizaci\u00f3n econ\u00f3mica.<\/p>\n<p>Es importante recordar que el Gobierno del Presidente Noboa hered\u00f3 una grave situaci\u00f3n en la caja fiscal con retrasos de pagos de m\u00e1s de USD 4.000 millones a varios sectores, entre ellos a los proveedores del Estado vinculados a servicios de limpieza, seguridad, alimentaci\u00f3n, entre otros. Las decisiones que el Gobierno Nacional ha tomado hicieron posible cubrir estas obligaciones que se arrastraron por a\u00f1os.<\/p>\n","protected":false},"excerpt":{"rendered":"<p>Quito.- El manejo responsable de las finanzas p\u00fablicas por parte del gobierno del Presidente Daniel Noboa permiti\u00f3 que el Ministerio de Desarrollo Econ\u00f3mico y Productivo, a trav\u00e9s de la Tesorer\u00eda de la Naci\u00f3n, cuente con la liquidez necesaria para que el Estado cumpla con sus obligaciones de forma oportuna. Los pagos realizados se han canalizado [&hellip;]<\/p>\n","protected":false},"author":2,"featured_media":59059,"comment_status":"open","ping_status":"closed","sticky":false,"template":"","format":"standard","meta":{"footnotes":""},"categories":[13],"tags":[9579,1322],"class_list":["post-59058","post","type-post","status-publish","format-standard","has-post-thumbnail","hentry","category-noticias-nacionales","tag-ministerio-de-desarrollo-economico-y-productivo","tag-presidente-daniel-noboa"],"_links":{"self":[{"href":"https:\/\/radiocresatelital.com\/index.php?rest_route=\/wp\/v2\/posts\/59058","targetHints":{"allow":["GET"]}}],"collection":[{"href":"https:\/\/radiocresatelital.com\/index.php?rest_route=\/wp\/v2\/posts"}],"about":[{"href":"https:\/\/radiocresatelital.com\/index.php?rest_route=\/wp\/v2\/types\/post"}],"author":[{"embeddable":true,"href":"https:\/\/radiocresatelital.com\/index.php?rest_route=\/wp\/v2\/users\/2"}],"replies":[{"embeddable":true,"href":"https:\/\/radiocresatelital.com\/index.php?rest_route=%2Fwp%2Fv2%2Fcomments&post=59058"}],"version-history":[{"count":1,"href":"https:\/\/radiocresatelital.com\/index.php?rest_route=\/wp\/v2\/posts\/59058\/revisions"}],"predecessor-version":[{"id":59060,"href":"https:\/\/radiocresatelital.com\/index.php?rest_route=\/wp\/v2\/posts\/59058\/revisions\/59060"}],"wp:featuredmedia":[{"embeddable":true,"href":"https:\/\/radiocresatelital.com\/index.php?rest_route=\/wp\/v2\/media\/59059"}],"wp:attachment":[{"href":"https:\/\/radiocresatelital.com\/index.php?rest_route=%2Fwp%2Fv2%2Fmedia&parent=59058"}],"wp:term":[{"taxonomy":"category","embeddable":true,"href":"https:\/\/radiocresatelital.com\/index.php?rest_route=%2Fwp%2Fv2%2Fcategories&post=59058"},{"taxonomy":"post_tag","embeddable":true,"href":"https:\/\/radiocresatelital.com\/index.php?rest_route=%2Fwp%2Fv2%2Ftags&post=59058"}],"curies":[{"name":"wp","href":"https:\/\/api.w.org\/{rel}","templated":true}]}}