{"id":59042,"date":"2026-09-01T23:39:44","date_gmt":"2026-09-01T23:39:44","guid":{"rendered":"https:\/\/radiocresatelital.com\/?p=59042"},"modified":"2026-09-01T23:39:44","modified_gmt":"2026-09-01T23:39:44","slug":"leandro-paredes-analiza-no-continuar-en-el-seleccion-argentina","status":"publish","type":"post","link":"https:\/\/radiocresatelital.com\/?p=59042","title":{"rendered":"Leandro Paredes analiza no continuar en el Selecci\u00f3n Argentina"},"content":{"rendered":"<p class=\"wp-block-paragraph\">Buenos Aires.- El volante de la selecci\u00f3n argentina, Leandro Paredes ha puesto en duda que vaya a continuar dentro de la albiceleste luego de que Lionel Messi haya renunciado a la Albiceleste.<\/p>\n<p class=\"wp-block-paragraph\">\u00abQue \u00e9l no est\u00e9 va a hacer dif\u00edcil que todo siga funcionando igual\u00bb, explic\u00f3 Paredes.<\/p>\n<p class=\"wp-block-paragraph\">\u00abVa a ser dif\u00edcil que siga\u00bb, agreg\u00f3 luego de que le consultaran sobre su futuro en el combinado nacional, en el predio de Boca Juniors.<\/p>\n<p class=\"wp-block-paragraph\">El mediocampista de 32 a\u00f1os detall\u00f3 que las dudas sobre su futuro se deben tanto al recambio que afrontar\u00e1 la Albiceleste en los pr\u00f3ximos meses como a\u00a0la suspensi\u00f3n por 10 partidos que deber\u00e1 enfrentar tras la agresi\u00f3n al espa\u00f1ol Gavi\u00a0una vez consumada la victoria de la \u2018Roja\u2019 en la final del Mundial 2026.<\/p>\n<p class=\"wp-block-paragraph\">\u00abLa vara esta muy alta y seguir compitiendo de esa manera y seguir logrando cosas importantes va a ser dif\u00edcil. Creo que en estos a\u00f1os, en este proceso, hemos conseguido formar un grupo de jugadores y personas incre\u00edbles, y en ese grupo\u00a0ten\u00edamos a nuestro l\u00edder, que era Leo, y \u00e9l ya no estar\u00e1\u00ab, a\u00f1adi\u00f3 Paredes.<\/p>\n<p><img decoding=\"async\" src=\"https:\/\/i0.wp.com\/efe.com\/wp-content\/uploads\/2026\/09\/MESSI-PAREDES-1.webp?fit=900%2C600&amp;ssl=1\" alt=\"Leandro Paredes pone en duda su continuidad en la selecci\u00f3n Argentina: &quot;Va a ser dif\u00edcil que siga&quot;\" \/><\/p>\n<p class=\"wp-block-paragraph\">El futbolista precis\u00f3 adem\u00e1s que a\u00fan no ha hablado con el entrenador albiceleste, Lionel Scaloni, pero anticip\u00f3 que planea dialogar pr\u00f3ximamente con \u00e9l para abordar el tema de su continuidad: \u00abHablar\u00e9 con el entrenador, veremos qu\u00e9 decisi\u00f3n tomar pero va a ser dif\u00edcil\u00bb.<\/p>\n<p class=\"wp-block-paragraph\">Paredes debut\u00f3 en el seleccionado a mediados de 2017 y, pese a que no lo incluyeron en la n\u00f3mina para Rusia 2018, a partir de la llegada de Scaloni y su gran rendimiento en la Copa Am\u00e9rica 2019 se convirti\u00f3 en una pieza clave del mediocampo albiceleste.<\/p>\n<p class=\"wp-block-paragraph\">El actual capit\u00e1n Xeneize fue importante en la consagraci\u00f3n en la Copa Am\u00e9rica 2021 y luego en la coronaci\u00f3n en el Mundial de Catar 2022.<\/p>\n<p class=\"wp-block-paragraph\">Dos a\u00f1os despu\u00e9s jug\u00f3 un papel fundamental en la obtenci\u00f3n del bicampeonato continental en 2024 y este a\u00f1o tambi\u00e9n fue clave en la gesta de la \u2018Scaloneta\u2019 en el Mundial de Estados Unidos, M\u00e9xico y Canad\u00e1, que acab\u00f3 en el subcampeonato.<\/p>\n<p class=\"wp-block-paragraph\">En los nueve a\u00f1os que lleva en el seleccionado, Paredes ha disputado un total de 84 encuentros, en los que registr\u00f3 hasta ahora cinco goles y siete asistencias.<\/p>\n","protected":false},"excerpt":{"rendered":"<p>Buenos Aires.- El volante de la selecci\u00f3n argentina, Leandro Paredes ha puesto en duda que vaya a continuar dentro de la albiceleste luego de que Lionel Messi haya renunciado a la Albiceleste. \u00abQue \u00e9l no est\u00e9 va a hacer dif\u00edcil que todo siga funcionando igual\u00bb, explic\u00f3 Paredes. \u00abVa a ser dif\u00edcil que siga\u00bb, agreg\u00f3 luego [&hellip;]<\/p>\n","protected":false},"author":2,"featured_media":59043,"comment_status":"open","ping_status":"closed","sticky":false,"template":"","format":"standard","meta":{"footnotes":""},"categories":[7],"tags":[560,573],"class_list":["post-59042","post","type-post","status-publish","format-standard","has-post-thumbnail","hentry","category-futbol-internacional","tag-leandro-paredes","tag-seleccion-argentina"],"_links":{"self":[{"href":"https:\/\/radiocresatelital.com\/index.php?rest_route=\/wp\/v2\/posts\/59042","targetHints":{"allow":["GET"]}}],"collection":[{"href":"https:\/\/radiocresatelital.com\/index.php?rest_route=\/wp\/v2\/posts"}],"about":[{"href":"https:\/\/radiocresatelital.com\/index.php?rest_route=\/wp\/v2\/types\/post"}],"author":[{"embeddable":true,"href":"https:\/\/radiocresatelital.com\/index.php?rest_route=\/wp\/v2\/users\/2"}],"replies":[{"embeddable":true,"href":"https:\/\/radiocresatelital.com\/index.php?rest_route=%2Fwp%2Fv2%2Fcomments&post=59042"}],"version-history":[{"count":1,"href":"https:\/\/radiocresatelital.com\/index.php?rest_route=\/wp\/v2\/posts\/59042\/revisions"}],"predecessor-version":[{"id":59044,"href":"https:\/\/radiocresatelital.com\/index.php?rest_route=\/wp\/v2\/posts\/59042\/revisions\/59044"}],"wp:featuredmedia":[{"embeddable":true,"href":"https:\/\/radiocresatelital.com\/index.php?rest_route=\/wp\/v2\/media\/59043"}],"wp:attachment":[{"href":"https:\/\/radiocresatelital.com\/index.php?rest_route=%2Fwp%2Fv2%2Fmedia&parent=59042"}],"wp:term":[{"taxonomy":"category","embeddable":true,"href":"https:\/\/radiocresatelital.com\/index.php?rest_route=%2Fwp%2Fv2%2Fcategories&post=59042"},{"taxonomy":"post_tag","embeddable":true,"href":"https:\/\/radiocresatelital.com\/index.php?rest_route=%2Fwp%2Fv2%2Ftags&post=59042"}],"curies":[{"name":"wp","href":"https:\/\/api.w.org\/{rel}","templated":true}]}}