{"id":59039,"date":"2026-09-01T23:35:01","date_gmt":"2026-09-01T23:35:01","guid":{"rendered":"https:\/\/radiocresatelital.com\/?p=59039"},"modified":"2026-09-01T23:35:01","modified_gmt":"2026-09-01T23:35:01","slug":"mohammed-ben-sulayem-promete-que-argentina-tendra-de-vuelta-al-mundial-de-la-f","status":"publish","type":"post","link":"https:\/\/radiocresatelital.com\/?p=59039","title":{"rendered":"Mohammed Ben Sulayem promete que Argentina tendr\u00e1 de vuelta al Mundial de la F!"},"content":{"rendered":"<p class=\"wp-block-paragraph\">Buenos Aires.- El Presidente de la Federaci\u00f3n Internacional del Autom\u00f3vil (FIA), Mohammed Ben Sulayem, manifest\u00f3 en la Capital Argentina que ese Pa\u00eds podr\u00eda volver a ser sede del Mundial de la F\u00f3rmula Uno en 2029 o 2030 y prometi\u00f3 el \u00abapoyo pleno\u00bb del organismo que encabeza.<\/p>\n<p class=\"wp-block-paragraph\">\u00abS\u00e9 que la gente en Argentina ha sido muy paciente, porque ha esperado el momento y el aut\u00f3dromo adecuado. Desde la FIA, lo que les prometemos es nuestro apoyo pleno\u00bb, expres\u00f3 Ben Sulayem en una conferencia de prensa durante la segunda jornada del Congreso Americano de la FIA en Buenos Aires.<\/p>\n<p class=\"wp-block-paragraph\">Consultado sobre la posibilidad de que la capital argentina fuera incluida en el calendario de la F\u00f3rmula Uno en 2027, el directivo respondi\u00f3 que el a\u00f1o pr\u00f3ximo ser\u00eda \u00abmuy temprano\u00bb y consider\u00f3 \u00abm\u00e1s realista\u00bb pensar en 2029 o 2030.<\/p>\n<p class=\"wp-block-paragraph\">El calendario futuro de la m\u00e1xima categor\u00eda del automovilismo est\u00e1, desde su perspectiva, \u00ablleno\u00bb, por lo que no es posible agregar en lo inmediato una fecha m\u00e1s, pero a la vez se\u00f1al\u00f3 que el regreso de la F\u00f3rmula Uno a la Argentina est\u00e1 \u00aben el camino correcto\u00bb.<\/p>\n<p class=\"wp-block-paragraph\">En otro pasaje de su intervenci\u00f3n, se refiri\u00f3 a su encuentro con el presidente argentino, Javier Milei, con quien abord\u00f3 este tema: \u00abEstuve reunido y ustedes saben que no se hace una promesa a un pa\u00eds tan grande y no se cumple despu\u00e9s\u00bb.<\/p>\n<p class=\"wp-block-paragraph\">Ben Sulayem coment\u00f3 que en esta visita a Buenos Aires visit\u00f3 el Aut\u00f3dromo Oscar y Juan G\u00e1lvez, que atraviesa reformas integrales para ser postulado como sede internacional: \u00abVi el circuito, hay una gran inversi\u00f3n, el a\u00f1o que viene van a tener el Gran Premio de Motociclismo. Esto env\u00eda un mensaje a la FIA de que se lo est\u00e1n tomando en serio\u00bb.<\/p>\n<p class=\"wp-block-paragraph\">El directivo tambi\u00e9n dijo que se est\u00e1 trabajando para el regreso al pa\u00eds suramericano del Campeonato Mundial de Rally: \u00abArgentina lo merece\u00bb.<\/p>\n<p><img decoding=\"async\" src=\"https:\/\/i0.wp.com\/efe.com\/wp-content\/uploads\/2026\/09\/Sulayem_FIA_Argentina.webp?fit=900%2C600&amp;ssl=1\" alt=\"El presidente de la FIA anticipa que la F\u00f3rmula Uno podr\u00eda volver a Argentina en 2029 o 2030\" \/><\/p>\n<p class=\"wp-block-paragraph\">Record\u00f3 que compiti\u00f3 como piloto en 1993 y 1995 en la provincia de C\u00f3rdoba, por lo que no duda que Argentina tiene lo necesario para recuperar la competencia.<\/p>\n<p class=\"wp-block-paragraph\">Junto a Ben Sulayem estuvo presente el presidente del Autom\u00f3vil Club Argentino (ACA), C\u00e9sar Carman, quien resalt\u00f3 que junto a la FIA trabajan codo a codo para hacer posible la vuelta de ambas competiciones, que en el caso de la F\u00f3rmula Uno tuvo su \u00faltima edici\u00f3n en el pa\u00eds en 1998 y en el rally en 2019.<\/p>\n<p class=\"wp-block-paragraph\">El vocero presidencial de Argentina, Adri\u00e1n Ravier, asegur\u00f3 este martes que el Gobierno est\u00e1 realizando gestiones \u00aben pos de lograr el regreso de la F\u00f3rmula Uno\u00bb y precis\u00f3 que el secretario de Turismo, Ambiente y Deportes, Daniel Scioli, ha mantenido reuniones en Brasil con las autoridades de la categor\u00eda.<\/p>\n<p class=\"wp-block-paragraph\">Milei abri\u00f3 este lunes el Congreso Americano de la FIA con un discurso en el que dijo que su Gobierno se ilusionaba con el retorno de la F\u00f3rmula Uno y con la posibilidad de ver correr en el pa\u00eds al piloto argentino Franco Colapinto.<\/p>\n<p class=\"wp-block-paragraph\">\u00abMe animo a invitarlos a so\u00f1ar conmigo. La Argentina que vuelve a ser sede de la FIA es la misma Argentina que tiene todas las condiciones para volver a recibir a la F\u00f3rmula Uno y al Rally Mundial en su calendario\u00bb, expres\u00f3 el mandatario durante el evento.<\/p>\n<p class=\"wp-block-paragraph\">El Congreso Americano de la FIA re\u00fane a los principales referentes del automovilismo y movilidad del continente, as\u00ed como numerosos directivos de la entidad internacional, que abordan cuestiones como el desarrollo y la seguridad de las competencias, la innovaci\u00f3n tecnol\u00f3gica, la movilidad sostenible y las estrategias para fortalecer la presencia internacional del automovilismo en la regi\u00f3n.<\/p>\n","protected":false},"excerpt":{"rendered":"<p>Buenos Aires.- El Presidente de la Federaci\u00f3n Internacional del Autom\u00f3vil (FIA), Mohammed Ben Sulayem, manifest\u00f3 en la Capital Argentina que ese Pa\u00eds podr\u00eda volver a ser sede del Mundial de la F\u00f3rmula Uno en 2029 o 2030 y prometi\u00f3 el \u00abapoyo pleno\u00bb del organismo que encabeza. \u00abS\u00e9 que la gente en Argentina ha sido muy [&hellip;]<\/p>\n","protected":false},"author":2,"featured_media":59040,"comment_status":"open","ping_status":"closed","sticky":false,"template":"","format":"standard","meta":{"footnotes":""},"categories":[9,20],"tags":[9793,9792],"class_list":["post-59039","post","type-post","status-publish","format-standard","has-post-thumbnail","hentry","category-deportes","category-formula-uno","tag-mohammed-ben-sulayem","tag-mundial-formula-uno"],"_links":{"self":[{"href":"https:\/\/radiocresatelital.com\/index.php?rest_route=\/wp\/v2\/posts\/59039","targetHints":{"allow":["GET"]}}],"collection":[{"href":"https:\/\/radiocresatelital.com\/index.php?rest_route=\/wp\/v2\/posts"}],"about":[{"href":"https:\/\/radiocresatelital.com\/index.php?rest_route=\/wp\/v2\/types\/post"}],"author":[{"embeddable":true,"href":"https:\/\/radiocresatelital.com\/index.php?rest_route=\/wp\/v2\/users\/2"}],"replies":[{"embeddable":true,"href":"https:\/\/radiocresatelital.com\/index.php?rest_route=%2Fwp%2Fv2%2Fcomments&post=59039"}],"version-history":[{"count":1,"href":"https:\/\/radiocresatelital.com\/index.php?rest_route=\/wp\/v2\/posts\/59039\/revisions"}],"predecessor-version":[{"id":59041,"href":"https:\/\/radiocresatelital.com\/index.php?rest_route=\/wp\/v2\/posts\/59039\/revisions\/59041"}],"wp:featuredmedia":[{"embeddable":true,"href":"https:\/\/radiocresatelital.com\/index.php?rest_route=\/wp\/v2\/media\/59040"}],"wp:attachment":[{"href":"https:\/\/radiocresatelital.com\/index.php?rest_route=%2Fwp%2Fv2%2Fmedia&parent=59039"}],"wp:term":[{"taxonomy":"category","embeddable":true,"href":"https:\/\/radiocresatelital.com\/index.php?rest_route=%2Fwp%2Fv2%2Fcategories&post=59039"},{"taxonomy":"post_tag","embeddable":true,"href":"https:\/\/radiocresatelital.com\/index.php?rest_route=%2Fwp%2Fv2%2Ftags&post=59039"}],"curies":[{"name":"wp","href":"https:\/\/api.w.org\/{rel}","templated":true}]}}