{"id":59036,"date":"2026-09-01T22:26:54","date_gmt":"2026-09-01T22:26:54","guid":{"rendered":"https:\/\/radiocresatelital.com\/?p=59036"},"modified":"2026-09-01T22:26:54","modified_gmt":"2026-09-01T22:26:54","slug":"guayas-planifica-su-futuro-hidrico-con-la-presentacion-del-nuevo-plan-de-riego-y-drenaje-vision-2030-el-prefecto-carlos-encalada-apunta-a-modernizar-la-gestion-del-agua-y-fortalecer-la-infraestructu","status":"publish","type":"post","link":"https:\/\/radiocresatelital.com\/?p=59036","title":{"rendered":"Guayas planifica su futuro h\u00eddrico: Con la presentaci\u00f3n del nuevo Plan de Riego y Drenaje Visi\u00f3n 2030, el Prefecto Carlos Encalada apunta a modernizar la gesti\u00f3n del agua y fortalecer la infraestructura"},"content":{"rendered":"<p>Guayaquil.- Mientras el pa\u00eds se prepara para enfrentar los efectos del Fen\u00f3meno El Ni\u00f1o y el Gobierno Central, a trav\u00e9s de la Secretar\u00eda Nacional de Gesti\u00f3n de Riesgos, ha elevado la alerta a roja, el prefecto Carlos Encalada reafirma que la prevenci\u00f3n en Guayas no empez\u00f3 con la alerta: empez\u00f3 desde el primer d\u00eda de su administraci\u00f3n.<\/p>\n<p>\u201cSiempre hablamos de prevenci\u00f3n desde el d\u00eda uno. Ha sido el compromiso que hemos hecho con Guayas y lo hemos venido cumpliendo. Esta alerta roja no nos coge de sorpresa. Nosotros venimos trabajando para reducir los riesgos y mitigar las afectaciones que pueda generar El Ni\u00f1o\u201d, sostuvo el prefecto Carlos Encalada, al tiempo de anunciar para este viernes una sesi\u00f3n de COE provincial donde se declarar\u00e1 la sesi\u00f3n activa.<\/p>\n<p>En este contexto, la Prefectura del Guayas present\u00f3 este 1 de septiembre la actualizaci\u00f3n del Plan Provincial de Riego y Drenaje del Guayas, con Visi\u00f3n 2030, desarrollado junto al Instituto Interamericano de Cooperaci\u00f3n para la Agricultura (IICA). El instrumento se convierte en una hoja de ruta estrat\u00e9gica para modernizar la gesti\u00f3n del agua, fortalecer la infraestructura de riego y drenaje y preparar al campo guayasense frente a la variabilidad clim\u00e1tica.<\/p>\n<p>La alianza proyecta una cartera cercana a $5 millones para modernizar los sistemas h\u00eddricos de la<br \/>\nprovincia. El Plan alcanza a 144 juntas de riego y drenaje, vinculadas a una superficie agr\u00edcola de<br \/>\naproximadamente 175.000 hect\u00e1reas, e identifica a 4.153 mujeres usuarias titulares como actores<br \/>\nprioritarios para fortalecer la participaci\u00f3n y gobernanza del agua.<\/p>\n<p>La visi\u00f3n planteada por la Prefectura es pasar \u201cde la reacci\u00f3n a la planificaci\u00f3n\u201d, incorporando soluciones modernas que permitan enfrentar tanto los per\u00edodos de exceso de agua como los escenarios de escasez. El sello de esta actualizaci\u00f3n est\u00e1 tambi\u00e9n en su origen: el territorio.<\/p>\n<p>Para Encalada, la actualizaci\u00f3n del Plan forma parte de una estrategia de prevenci\u00f3n mucho m\u00e1s amplia<br \/>\nque la Prefectura viene ejecutando ante la amenaza de El Ni\u00f1o en toda la provincia. \u201cA m\u00ed me preocupan<br \/>\ntodos los cantones. Soy Prefecto del Guayas, no de un solo cant\u00f3n. Tenemos trabajos prioritarios en<br \/>\nDur\u00e1n, Jujan, Milagro, Balao y Salitre, pero tenemos frentes trabajando en todos los cantones para El<br \/>\nNi\u00f1o\u201d, afirm\u00f3.<\/p>\n<p>La administraci\u00f3n provincial, cuenta con USD 56 millones destinados al plan de emergencia \u201cGuayas en<br \/>\nAcci\u00f3n\u201d, de los cuales ya se ejecutan USD 12 millones en trabajos de prevenci\u00f3n. En esta misma l\u00ednea, la<br \/>\nPrefectura trabaja de manera articulada con el Gobierno Nacional y tiene previsto desarrollar en octubre<br \/>\nun simulacro para evaluar la capacidad de respuesta frente a un caso fortuito de inundaciones. \u201cVenimos<br \/>\ntrabajando de la mano desde el primer d\u00eda. No nos coge de sorpresa. Estamos trabajando para mitigar las<br \/>\nafectaciones y reducir los da\u00f1os. Nuestro trabajo est\u00e1 enfocado en salvar vidas\u201d, recalc\u00f3 Encalada.<\/p>\n","protected":false},"excerpt":{"rendered":"<p>Guayaquil.- Mientras el pa\u00eds se prepara para enfrentar los efectos del Fen\u00f3meno El Ni\u00f1o y el Gobierno Central, a trav\u00e9s de la Secretar\u00eda Nacional de Gesti\u00f3n de Riesgos, ha elevado la alerta a roja, el prefecto Carlos Encalada reafirma que la prevenci\u00f3n en Guayas no empez\u00f3 con la alerta: empez\u00f3 desde el primer d\u00eda de [&hellip;]<\/p>\n","protected":false},"author":2,"featured_media":59037,"comment_status":"open","ping_status":"closed","sticky":false,"template":"","format":"standard","meta":{"footnotes":""},"categories":[13],"tags":[9791,2175],"class_list":["post-59036","post","type-post","status-publish","format-standard","has-post-thumbnail","hentry","category-noticias-nacionales","tag-nuevo-plan-de-riego-y-drenaje-vision-2030","tag-secretaria-nacional-de-gestion-de-riesgos"],"_links":{"self":[{"href":"https:\/\/radiocresatelital.com\/index.php?rest_route=\/wp\/v2\/posts\/59036","targetHints":{"allow":["GET"]}}],"collection":[{"href":"https:\/\/radiocresatelital.com\/index.php?rest_route=\/wp\/v2\/posts"}],"about":[{"href":"https:\/\/radiocresatelital.com\/index.php?rest_route=\/wp\/v2\/types\/post"}],"author":[{"embeddable":true,"href":"https:\/\/radiocresatelital.com\/index.php?rest_route=\/wp\/v2\/users\/2"}],"replies":[{"embeddable":true,"href":"https:\/\/radiocresatelital.com\/index.php?rest_route=%2Fwp%2Fv2%2Fcomments&post=59036"}],"version-history":[{"count":1,"href":"https:\/\/radiocresatelital.com\/index.php?rest_route=\/wp\/v2\/posts\/59036\/revisions"}],"predecessor-version":[{"id":59038,"href":"https:\/\/radiocresatelital.com\/index.php?rest_route=\/wp\/v2\/posts\/59036\/revisions\/59038"}],"wp:featuredmedia":[{"embeddable":true,"href":"https:\/\/radiocresatelital.com\/index.php?rest_route=\/wp\/v2\/media\/59037"}],"wp:attachment":[{"href":"https:\/\/radiocresatelital.com\/index.php?rest_route=%2Fwp%2Fv2%2Fmedia&parent=59036"}],"wp:term":[{"taxonomy":"category","embeddable":true,"href":"https:\/\/radiocresatelital.com\/index.php?rest_route=%2Fwp%2Fv2%2Fcategories&post=59036"},{"taxonomy":"post_tag","embeddable":true,"href":"https:\/\/radiocresatelital.com\/index.php?rest_route=%2Fwp%2Fv2%2Ftags&post=59036"}],"curies":[{"name":"wp","href":"https:\/\/api.w.org\/{rel}","templated":true}]}}