{"id":59033,"date":"2026-09-01T22:23:44","date_gmt":"2026-09-01T22:23:44","guid":{"rendered":"https:\/\/radiocresatelital.com\/?p=59033"},"modified":"2026-09-01T22:23:44","modified_gmt":"2026-09-01T22:23:44","slug":"300-jovenes-rurales-de-las-24-provincias-se-conectan-con-compradores-e-inversionistas-en-la-macrorrueda-mano-de-la-mano-por-el-empleo-agrojoven-2026","status":"publish","type":"post","link":"https:\/\/radiocresatelital.com\/?p=59033","title":{"rendered":"300 J\u00f3venes rurales de las 24 provincias se conectan con compradores e inversionistas en la Macrorrueda mano de la mano por el empleo Agrojoven 2026"},"content":{"rendered":"<p>Quito.- El encuentro nacional re\u00fane a 300 AgroJ\u00f3venes y 125 compradores e inversionistas en torno a un cat\u00e1logo de 200 productos y servicios agroalimentarios, con la meta de generar USD 100.000 en pre-acuerdos comerciales y la entrega de USD 70.000 en Matching Grants.<\/p>\n<p>El Gobierno Nacional, a trav\u00e9s de la Vicepresidencia de la Rep\u00fablica, del Ministerio de Desarrollo Econ\u00f3mico y Productivo (MDEP) y del Ministerio de Trabajo y Desarrollo Humano, con la asistencia t\u00e9cnica de la Organizaci\u00f3n de las Naciones Unidas para la Alimentaci\u00f3n y la Agricultura (FAO), inaugur\u00f3 hoy la Macrorrueda Mano de la Mano por el Empleo AgroJoven 2026 en el Centro de Convenciones Bicentenario. El evento reuni\u00f3 a m\u00e1s de 300 j\u00f3venes de todas las provincias del pa\u00eds con actores p\u00fablicos y privados, con el prop\u00f3sito de generar oportunidades de vinculaci\u00f3n comercial, acceso a financiamiento e inserci\u00f3n en mercados nacionales e internacionales.<\/p>\n<p>El acto de apertura cont\u00f3 con la participaci\u00f3n de la vicepresidenta de la Rep\u00fablica, Mar\u00eda Jos\u00e9 Pinto; la ministra de Desarrollo Econ\u00f3mico y Productivo, Sariha Moya; la ministra de Trabajo y Desarrollo Humano, Cynthia Gellibert; la coordinadora residente de las Naciones Unidas en Ecuador, Laura Melo; y la representante de la FAO en Ecuador, Gherda Barreto, junto a aliados del sector privado, la cooperaci\u00f3n internacional, la academia y el cuerpo diplom\u00e1tico.<\/p>\n<p>Ecuador cuenta con 3,44 millones de j\u00f3venes, de los cuales 1,4 millones viven en zonas rurales. Esta poblaci\u00f3n representa una oportunidad para dinamizar la econom\u00eda, impulsar emprendimientos y acelerar la transformaci\u00f3n de los sistemas agroalimentarios; sin embargo, persisten barreras como la alta informalidad, el limitado acceso a financiamiento y mercados, y las brechas de capacidades. La Macrorrueda responde a ese desaf\u00edo con una plataforma nacional que conecta la oferta juvenil con la inversi\u00f3n, el financiamiento y los mercados.<\/p>\n<div class=\"pull-right col-md-5 \">\u201cSi queremos que nuestros ni\u00f1os crezcan sanos, tenemos que preguntarnos tambi\u00e9n qu\u00e9 estamos produciendo, qu\u00e9 alimentos llegan a nuestras familias y c\u00f3mo hacemos para que los alimentos nutritivos sean accesibles para todos. Por eso necesitamos trabajar de la mano con nuestros agricultores, con nuestros productores y, especialmente, con nuestros j\u00f3venes. Porque ellos pueden ayudarnos a transformar no solamente la manera en que producimos, sino tambi\u00e9n la manera en que alimentamos al Ecuador\u201d<\/div>\n<p>\u201cSi queremos que nuestros ni\u00f1os crezcan sanos, tenemos que preguntarnos tambi\u00e9n qu\u00e9 estamos produciendo, qu\u00e9 alimentos llegan a nuestras familias y c\u00f3mo hacemos para que los alimentos nutritivos sean accesibles para todos. Por eso necesitamos trabajar de la mano con nuestros agricultores, con nuestros productores y, especialmente, con nuestros j\u00f3venes. Porque ellos pueden ayudarnos a transformar no solamente la manera en que producimos, sino tambi\u00e9n la manera en que alimentamos al Ecuador\u201d, expres\u00f3 la vicepresidenta Mar\u00eda Jos\u00e9 Pinto en su intervenci\u00f3n.<\/p>\n<p>\u201cPara el Gobierno Nacional uno de los principios m\u00e1s importantes es generar autosuficiencia en nuestros ciudadanos y en nuestros j\u00f3venes y esto se logra con este de iniciativas que integra el agroemprendimiento, el agronegocio, el acceso a financiamiento para impulsar innovaci\u00f3n y abrir mercados. A trav\u00e9s de la banca p\u00fablica, como BanEcuador, se han generado m\u00e1s de 20 productos financieros para que los productores accedan a financiamiento y puedan innovar. El cr\u00e9dito productivo ha crecido en 16% en los \u00faltimos dos a\u00f1os, algo lo que no se ve\u00eda antes\u201d, destac\u00f3 la ministra Sariha Moya.<\/p>\n<p>Un reciente estudio de la FAO evidencia que Ecuador tiene el sistema agroalimentario con mayor peso en el empleo de Am\u00e9rica Latina y que m\u00e1s de la mitad de los j\u00f3venes que hoy trabajan lo hacen en el sector agroalimentario. \u201cExiste una idea equivocada que dice que el \u00e9xito est\u00e1 lejos del campo, que para progresar hay que irse. Estos j\u00f3venes hoy nos vienen a demostrar exactamente lo contrario. El campo es donde nacen las empresas del futuro, donde el emprendimiento crea empleo y donde la innovaci\u00f3n protege la biodiversidad\u201d, se\u00f1al\u00f3 Gherda Barreto, representante de la FAO en Ecuador.<\/p>\n<p><strong>Una agenda para convertir oportunidades en negocios<\/strong><\/p>\n<p>La jornada incluy\u00f3 una feria permanente de exhibici\u00f3n de emprendimientos AgroJoven, espacios de networking y un Food Lab sensible a la nutrici\u00f3n \u2014Ecuador Food Experience\u2014 con m\u00e1s de 300 degustaciones ecogastron\u00f3micas, donde el talento joven se convierte en valor agregado y en alimentos sensibles a la nutrici\u00f3n. El programa reconoci\u00f3 tambi\u00e9n a mujeres j\u00f3venes cuyo liderazgo est\u00e1 transformando la agricultura del pa\u00eds, en el marco del A\u00f1o Internacional de la Mujer Agricultora.<\/p>\n<p>La Macrorrueda cerr\u00f3 con el espacio \u201cVoces para la construcci\u00f3n de la Pol\u00edtica p\u00fablica por el empleo AgroJoven del Ecuador\u201d, que recoge los aportes de las juventudes rurales para consolidar una respuesta nacional articulada. \u201cQueremos una juventud rural creando oportunidades para el Ecuador. Y queremos que esas oportunidades nazcan de nuestra tierra, lleven nuestra identidad y ayuden a construir un pa\u00eds donde nuestros ni\u00f1os puedan crecer mejor\u201d, recalc\u00f3 Mar\u00eda Jos\u00e9 Pinto, vicepresidenta de la Rep\u00fablica.<\/p>\n","protected":false},"excerpt":{"rendered":"<p>Quito.- El encuentro nacional re\u00fane a 300 AgroJ\u00f3venes y 125 compradores e inversionistas en torno a un cat\u00e1logo de 200 productos y servicios agroalimentarios, con la meta de generar USD 100.000 en pre-acuerdos comerciales y la entrega de USD 70.000 en Matching Grants. El Gobierno Nacional, a trav\u00e9s de la Vicepresidencia de la Rep\u00fablica, del [&hellip;]<\/p>\n","protected":false},"author":2,"featured_media":59034,"comment_status":"open","ping_status":"closed","sticky":false,"template":"","format":"standard","meta":{"footnotes":""},"categories":[13],"tags":[9579,6],"class_list":["post-59033","post","type-post","status-publish","format-standard","has-post-thumbnail","hentry","category-noticias-nacionales","tag-ministerio-de-desarrollo-economico-y-productivo","tag-vicepresidencia-de-la-republica"],"_links":{"self":[{"href":"https:\/\/radiocresatelital.com\/index.php?rest_route=\/wp\/v2\/posts\/59033","targetHints":{"allow":["GET"]}}],"collection":[{"href":"https:\/\/radiocresatelital.com\/index.php?rest_route=\/wp\/v2\/posts"}],"about":[{"href":"https:\/\/radiocresatelital.com\/index.php?rest_route=\/wp\/v2\/types\/post"}],"author":[{"embeddable":true,"href":"https:\/\/radiocresatelital.com\/index.php?rest_route=\/wp\/v2\/users\/2"}],"replies":[{"embeddable":true,"href":"https:\/\/radiocresatelital.com\/index.php?rest_route=%2Fwp%2Fv2%2Fcomments&post=59033"}],"version-history":[{"count":1,"href":"https:\/\/radiocresatelital.com\/index.php?rest_route=\/wp\/v2\/posts\/59033\/revisions"}],"predecessor-version":[{"id":59035,"href":"https:\/\/radiocresatelital.com\/index.php?rest_route=\/wp\/v2\/posts\/59033\/revisions\/59035"}],"wp:featuredmedia":[{"embeddable":true,"href":"https:\/\/radiocresatelital.com\/index.php?rest_route=\/wp\/v2\/media\/59034"}],"wp:attachment":[{"href":"https:\/\/radiocresatelital.com\/index.php?rest_route=%2Fwp%2Fv2%2Fmedia&parent=59033"}],"wp:term":[{"taxonomy":"category","embeddable":true,"href":"https:\/\/radiocresatelital.com\/index.php?rest_route=%2Fwp%2Fv2%2Fcategories&post=59033"},{"taxonomy":"post_tag","embeddable":true,"href":"https:\/\/radiocresatelital.com\/index.php?rest_route=%2Fwp%2Fv2%2Ftags&post=59033"}],"curies":[{"name":"wp","href":"https:\/\/api.w.org\/{rel}","templated":true}]}}