{"id":59030,"date":"2026-09-01T22:20:34","date_gmt":"2026-09-01T22:20:34","guid":{"rendered":"https:\/\/radiocresatelital.com\/?p=59030"},"modified":"2026-09-01T22:20:34","modified_gmt":"2026-09-01T22:20:34","slug":"guayas-sera-sede-de-los-xvii-juegos-nacionales-de-menores","status":"publish","type":"post","link":"https:\/\/radiocresatelital.com\/?p=59030","title":{"rendered":"Guayas ser\u00e1 sede de los XVII  Juegos Nacionales de Menores"},"content":{"rendered":"<p>Guayaquil.- Guayas volver\u00e1 a ser sede del deporte formativo nacional con la realizaci\u00f3n de los XVII Juegos Deportivos Nacionales de Menores, que se disputar\u00e1n del 7 al 27 de septiembre con la participaci\u00f3n de las 24 provincias del pa\u00eds.<\/p>\n<p>La ceremonia especial de inauguraci\u00f3n se realizar\u00e1 el lunes 7 de septiembre, a las 16h00 locales (21h00 GMT), en la Arena \u201cJos\u00e9 Desimavilla\u201d, ubicada a un costado del Estadio Modelo \u201cAlberto Spencer Herrera\u201d.<\/p>\n<p>La organizaci\u00f3n estar\u00e1 a cargo de la Federaci\u00f3n Deportiva del Guayas, que pondr\u00e1 a disposici\u00f3n su infraestructura deportiva y capacidad operativa para el desarrollo de esta cita, respaldada por una inversi\u00f3n gubernamental de USD 1.074.600.<\/p>\n<p>La delegaci\u00f3n albiceleste, vigente campeona de la categor\u00eda, estar\u00e1 integrada por 280 deportistas acompa\u00f1ados por 21 entrenadores.<\/p>\n<p>Durante 21 d\u00edas de competencia, cerca de 4.230 atletas \u20141.937 mujeres y 2.293 hombres\u2014 participar\u00e1n en 26 disciplinas, entre ellas atletismo, nataci\u00f3n, judo, lucha, boxeo, levantamiento de pesas, gimnasia, ciclismo, f\u00fatbol, baloncesto, voleibol, tenis, taekwondo, karate do, patinaje, triatl\u00f3n, tiro con arco y ajedrez.<\/p>\n<p>Guayas llega a esta edici\u00f3n como campe\u00f3n defensor tras imponerse en los XVI Juegos Nacionales de Menores Manab\u00ed 2024, donde alcanz\u00f3 6.731 puntos. Pichincha ocup\u00f3 el segundo lugar con 6.573 y Manab\u00ed fue tercero con 3.175.<\/p>\n","protected":false},"excerpt":{"rendered":"<p>Guayaquil.- Guayas volver\u00e1 a ser sede del deporte formativo nacional con la realizaci\u00f3n de los XVII Juegos Deportivos Nacionales de Menores, que se disputar\u00e1n del 7 al 27 de septiembre con la participaci\u00f3n de las 24 provincias del pa\u00eds. La ceremonia especial de inauguraci\u00f3n se realizar\u00e1 el lunes 7 de septiembre, a las 16h00 locales [&hellip;]<\/p>\n","protected":false},"author":2,"featured_media":59031,"comment_status":"open","ping_status":"closed","sticky":false,"template":"","format":"standard","meta":{"footnotes":""},"categories":[9],"tags":[9790],"class_list":["post-59030","post","type-post","status-publish","format-standard","has-post-thumbnail","hentry","category-deportes","tag-xvii-juegos-deportivos-nacionales-de-menores"],"_links":{"self":[{"href":"https:\/\/radiocresatelital.com\/index.php?rest_route=\/wp\/v2\/posts\/59030","targetHints":{"allow":["GET"]}}],"collection":[{"href":"https:\/\/radiocresatelital.com\/index.php?rest_route=\/wp\/v2\/posts"}],"about":[{"href":"https:\/\/radiocresatelital.com\/index.php?rest_route=\/wp\/v2\/types\/post"}],"author":[{"embeddable":true,"href":"https:\/\/radiocresatelital.com\/index.php?rest_route=\/wp\/v2\/users\/2"}],"replies":[{"embeddable":true,"href":"https:\/\/radiocresatelital.com\/index.php?rest_route=%2Fwp%2Fv2%2Fcomments&post=59030"}],"version-history":[{"count":1,"href":"https:\/\/radiocresatelital.com\/index.php?rest_route=\/wp\/v2\/posts\/59030\/revisions"}],"predecessor-version":[{"id":59032,"href":"https:\/\/radiocresatelital.com\/index.php?rest_route=\/wp\/v2\/posts\/59030\/revisions\/59032"}],"wp:featuredmedia":[{"embeddable":true,"href":"https:\/\/radiocresatelital.com\/index.php?rest_route=\/wp\/v2\/media\/59031"}],"wp:attachment":[{"href":"https:\/\/radiocresatelital.com\/index.php?rest_route=%2Fwp%2Fv2%2Fmedia&parent=59030"}],"wp:term":[{"taxonomy":"category","embeddable":true,"href":"https:\/\/radiocresatelital.com\/index.php?rest_route=%2Fwp%2Fv2%2Fcategories&post=59030"},{"taxonomy":"post_tag","embeddable":true,"href":"https:\/\/radiocresatelital.com\/index.php?rest_route=%2Fwp%2Fv2%2Ftags&post=59030"}],"curies":[{"name":"wp","href":"https:\/\/api.w.org\/{rel}","templated":true}]}}