{"id":59021,"date":"2026-09-01T21:25:32","date_gmt":"2026-09-01T21:25:32","guid":{"rendered":"https:\/\/radiocresatelital.com\/?p=59021"},"modified":"2026-09-01T21:25:32","modified_gmt":"2026-09-01T21:25:32","slug":"gobierno-nacional-amplia-la-conectividad-en-manabi-con-nuevo-punto-digital-gratuito-en-san-clemente","status":"publish","type":"post","link":"https:\/\/radiocresatelital.com\/?p=59021","title":{"rendered":"Gobierno Nacional ampl\u00eda la conectividad en Manab\u00ed con nuevo Punto Digital Gratuito en San Clemente"},"content":{"rendered":"<p class=\"wp-block-paragraph\">Manta.- El Gobierno Nacional, a trav\u00e9s del Ministerio de Infraestructura y Tecnolog\u00eda, liderado por el ministro Roberto Luque, contin\u00faa fortaleciendo el acceso a la tecnolog\u00eda y la conectividad con la inauguraci\u00f3n del Punto Digital Gratuito (PDG) San Clemente, ubicado en la parroquia Charapot\u00f3.<\/p>\n<p class=\"wp-block-paragraph\">Con una inversi\u00f3n de USD 19 mil, este nuevo espacio beneficiar\u00e1 a m\u00e1s de 23 mil habitantes de la zona, quienes podr\u00e1n acceder de forma gratuita a internet, equipamiento tecnol\u00f3gico y capacitaciones en herramientas digitales, emprendimiento, educaci\u00f3n y otros servicios en l\u00ednea.<\/p>\n<p class=\"wp-block-paragraph\">Con esta nueva incorporaci\u00f3n, Manab\u00ed suma 78 espacios tecnol\u00f3gicos distribuidos en 62 parroquias de la provincia. Durante la actual administraci\u00f3n se han implementado 9 nuevos PDG en Manab\u00ed, como parte de una estrategia nacional orientada a reducir la brecha digital y acercar m\u00e1s oportunidades a las comunidades.<\/p>\n<p class=\"wp-block-paragraph\">A escala nacional, Ecuador cuenta actualmente con 1.012 Puntos Digitales Gratuitos, que han registrado 13,3 millones de visitas y 782 mil capacitaciones, cifras que reflejan el uso activo que la ciudadan\u00eda hace de estos espacios para aprender, estudiar, emprender y acceder a servicios digitales. El Gobierno Nacional reitera su compromiso de seguir llevando conectividad y herramientas tecnol\u00f3gicas a m\u00e1s territorios del pa\u00eds, con la convicci\u00f3n de que acercar la tecnolog\u00eda es tambi\u00e9n acercar oportunidades y construir un Ecuador con m\u00e1s posibilidades para todos.<\/p>\n","protected":false},"excerpt":{"rendered":"<p>Manta.- El Gobierno Nacional, a trav\u00e9s del Ministerio de Infraestructura y Tecnolog\u00eda, liderado por el ministro Roberto Luque, contin\u00faa fortaleciendo el acceso a la tecnolog\u00eda y la conectividad con la inauguraci\u00f3n del Punto Digital Gratuito (PDG) San Clemente, ubicado en la parroquia Charapot\u00f3. Con una inversi\u00f3n de USD 19 mil, este nuevo espacio beneficiar\u00e1 a [&hellip;]<\/p>\n","protected":false},"author":2,"featured_media":59022,"comment_status":"open","ping_status":"closed","sticky":false,"template":"","format":"standard","meta":{"footnotes":""},"categories":[13],"tags":[9422,8864],"class_list":["post-59021","post","type-post","status-publish","format-standard","has-post-thumbnail","hentry","category-noticias-nacionales","tag-ministerio-de-infraestructura-y-tecnologia","tag-punto-digital-gratuito"],"_links":{"self":[{"href":"https:\/\/radiocresatelital.com\/index.php?rest_route=\/wp\/v2\/posts\/59021","targetHints":{"allow":["GET"]}}],"collection":[{"href":"https:\/\/radiocresatelital.com\/index.php?rest_route=\/wp\/v2\/posts"}],"about":[{"href":"https:\/\/radiocresatelital.com\/index.php?rest_route=\/wp\/v2\/types\/post"}],"author":[{"embeddable":true,"href":"https:\/\/radiocresatelital.com\/index.php?rest_route=\/wp\/v2\/users\/2"}],"replies":[{"embeddable":true,"href":"https:\/\/radiocresatelital.com\/index.php?rest_route=%2Fwp%2Fv2%2Fcomments&post=59021"}],"version-history":[{"count":1,"href":"https:\/\/radiocresatelital.com\/index.php?rest_route=\/wp\/v2\/posts\/59021\/revisions"}],"predecessor-version":[{"id":59023,"href":"https:\/\/radiocresatelital.com\/index.php?rest_route=\/wp\/v2\/posts\/59021\/revisions\/59023"}],"wp:featuredmedia":[{"embeddable":true,"href":"https:\/\/radiocresatelital.com\/index.php?rest_route=\/wp\/v2\/media\/59022"}],"wp:attachment":[{"href":"https:\/\/radiocresatelital.com\/index.php?rest_route=%2Fwp%2Fv2%2Fmedia&parent=59021"}],"wp:term":[{"taxonomy":"category","embeddable":true,"href":"https:\/\/radiocresatelital.com\/index.php?rest_route=%2Fwp%2Fv2%2Fcategories&post=59021"},{"taxonomy":"post_tag","embeddable":true,"href":"https:\/\/radiocresatelital.com\/index.php?rest_route=%2Fwp%2Fv2%2Ftags&post=59021"}],"curies":[{"name":"wp","href":"https:\/\/api.w.org\/{rel}","templated":true}]}}