{"id":59018,"date":"2026-09-01T21:19:10","date_gmt":"2026-09-01T21:19:10","guid":{"rendered":"https:\/\/radiocresatelital.com\/?p=59018"},"modified":"2026-09-01T21:19:10","modified_gmt":"2026-09-01T21:19:10","slug":"mas-de-117-000-ninas-y-ninos-de-la-sierra-y-amazonia-retornan-a-los-servicios-de-desarrollo-infantil-del-mtdh-tras-el-receso-vacacional","status":"publish","type":"post","link":"https:\/\/radiocresatelital.com\/?p=59018","title":{"rendered":"M\u00e1s de 117.000 ni\u00f1as y ni\u00f1os de la Sierra y Amazon\u00eda retornan a los servicios de desarrollo infantil del MTDH tras el receso vacacional"},"content":{"rendered":"<p class=\"wp-block-paragraph\">Azogues. \u2013\u00a0Durante los primeros d\u00edas de septiembre de 2026, un total de 117.612 ni\u00f1as y ni\u00f1os de la Sierra y Amazon\u00eda retornan a los servicios de desarrollo infantil integral del Ministerio de Trabajo y Desarrollo Humano (MTDH), tras un receso de 15 d\u00edas por vacaciones. De ese total, 74.689 ni\u00f1as y ni\u00f1os pertenecen a la modalidad de atenci\u00f3n domiciliar Creciendo con Nuestros Hijos (CNH); mientras que 42.923 reciben el servicio mediante los Centros de Desarrollo Infantil (CDI).<\/p>\n<p class=\"wp-block-paragraph\">De esta manera, el Gobierno Nacional, liderado por el presidente Daniel Noboa y con el compromiso de la ministra de Trabajo y Desarrollo Humano, Cynthia Gellibert, garantiza atenci\u00f3n y cuidados, as\u00ed como el desarrollo integral de la primera infancia para este sector prioritario y vulnerable de la poblaci\u00f3n.<\/p>\n<p class=\"wp-block-paragraph\">En Ca\u00f1ar, por ejemplo, un total de 2.827 ni\u00f1as y ni\u00f1os, de 0 a 3 a\u00f1os de edad, retornan a las actividades en ocho Centros de Desarrollo Infantil y 77 unidades de atenci\u00f3n domiciliar Creciendo con Nuestros Hijos de esta provincia.<\/p>\n<p class=\"wp-block-paragraph\">Una de las reaperturas del servicio se realiz\u00f3 la ma\u00f1ana de este martes 1 de septiembre, en el CDI \u201cC\u00e9sar Molina\u201d, del cant\u00f3n Azogues, donde educadoras del MTDH dieron nuevamente la bienvenida a cerca de 81 ni\u00f1as y ni\u00f1os que reciben atenci\u00f3n en esta unidad. La reapertura de actividades tambi\u00e9n cont\u00f3 con la presencia y participaci\u00f3n de madres y padres de familia beneficiarios de este servicio.<\/p>\n<p class=\"wp-block-paragraph\">Leticia Morocho, madre de familia usuaria de este centro infantil, reconoci\u00f3 la calidad del servicio y el profesionalismo de las educadoras que atienden a ni\u00f1as y ni\u00f1os. \u201cSiempre los tratan con amor y cari\u00f1o. El servicio es excelente y aprenden cosas nuevas cada d\u00eda. Me voy tranquila a trabajar porque s\u00e9 que mi hija Pamela queda en buenas manos\u201d, se\u00f1al\u00f3.<\/p>\n<p class=\"wp-block-paragraph\">Los CDI y las unidades CNH paralizan sus actividades durante 15 d\u00edas. Este receso coincide con el per\u00edodo de vacaciones escolares tanto del r\u00e9gimen Sierra-Amazon\u00eda como del r\u00e9gimen Costa-Gal\u00e1pagos.<\/p>\n<p class=\"wp-block-paragraph\">A trav\u00e9s de los servicios de desarrollo infantil del MTDH, ni\u00f1as y ni\u00f1os reciben atenci\u00f3n y cuidados en estimulaci\u00f3n temprana, fortalecen su motricidad fina y gruesa y reciben alimentaci\u00f3n nutritiva diaria, as\u00ed como controles peri\u00f3dicos de talla y peso. De igual forma, madres y padres reciben consejer\u00eda sobre cuidados y otros aspectos relacionados con el adecuado desarrollo infantil. Todo ello est\u00e1 a cargo de educadoras familiares y de desarrollo infantil.<\/p>\n<p class=\"wp-block-paragraph\">Actualmente, a escala nacional, m\u00e1s de 285.000 ni\u00f1as y ni\u00f1os reciben atenci\u00f3n y cuidados a trav\u00e9s de los servicios de desarrollo infantil del MTDH. Durante el Gobierno del presidente Noboa y hasta julio de este a\u00f1o, se ha realizado una inversi\u00f3n de alrededor de USD 478,8 millones para garantizar estos servicios en todo el pa\u00eds.<\/p>\n<p class=\"wp-block-paragraph\">Con estas acciones, el Gobierno Nacional garantiza y promueve el adecuado desarrollo infantil integral de la ni\u00f1ez del pa\u00eds, priorizando la atenci\u00f3n de ni\u00f1as y ni\u00f1os que pertenecen a hogares y familias en situaci\u00f3n de pobreza, pobreza extrema y vulnerabilidad.<\/p>\n","protected":false},"excerpt":{"rendered":"<p>Azogues. \u2013\u00a0Durante los primeros d\u00edas de septiembre de 2026, un total de 117.612 ni\u00f1as y ni\u00f1os de la Sierra y Amazon\u00eda retornan a los servicios de desarrollo infantil integral del Ministerio de Trabajo y Desarrollo Humano (MTDH), tras un receso de 15 d\u00edas por vacaciones. De ese total, 74.689 ni\u00f1as y ni\u00f1os pertenecen a la [&hellip;]<\/p>\n","protected":false},"author":2,"featured_media":59019,"comment_status":"open","ping_status":"closed","sticky":false,"template":"","format":"standard","meta":{"footnotes":""},"categories":[13],"tags":[9387],"class_list":["post-59018","post","type-post","status-publish","format-standard","has-post-thumbnail","hentry","category-noticias-nacionales","tag-ministerio-de-trabajo-y-desarrollo-humano"],"_links":{"self":[{"href":"https:\/\/radiocresatelital.com\/index.php?rest_route=\/wp\/v2\/posts\/59018","targetHints":{"allow":["GET"]}}],"collection":[{"href":"https:\/\/radiocresatelital.com\/index.php?rest_route=\/wp\/v2\/posts"}],"about":[{"href":"https:\/\/radiocresatelital.com\/index.php?rest_route=\/wp\/v2\/types\/post"}],"author":[{"embeddable":true,"href":"https:\/\/radiocresatelital.com\/index.php?rest_route=\/wp\/v2\/users\/2"}],"replies":[{"embeddable":true,"href":"https:\/\/radiocresatelital.com\/index.php?rest_route=%2Fwp%2Fv2%2Fcomments&post=59018"}],"version-history":[{"count":1,"href":"https:\/\/radiocresatelital.com\/index.php?rest_route=\/wp\/v2\/posts\/59018\/revisions"}],"predecessor-version":[{"id":59020,"href":"https:\/\/radiocresatelital.com\/index.php?rest_route=\/wp\/v2\/posts\/59018\/revisions\/59020"}],"wp:featuredmedia":[{"embeddable":true,"href":"https:\/\/radiocresatelital.com\/index.php?rest_route=\/wp\/v2\/media\/59019"}],"wp:attachment":[{"href":"https:\/\/radiocresatelital.com\/index.php?rest_route=%2Fwp%2Fv2%2Fmedia&parent=59018"}],"wp:term":[{"taxonomy":"category","embeddable":true,"href":"https:\/\/radiocresatelital.com\/index.php?rest_route=%2Fwp%2Fv2%2Fcategories&post=59018"},{"taxonomy":"post_tag","embeddable":true,"href":"https:\/\/radiocresatelital.com\/index.php?rest_route=%2Fwp%2Fv2%2Ftags&post=59018"}],"curies":[{"name":"wp","href":"https:\/\/api.w.org\/{rel}","templated":true}]}}