{"id":58988,"date":"2026-09-01T20:37:54","date_gmt":"2026-09-01T20:37:54","guid":{"rendered":"https:\/\/radiocresatelital.com\/?p=58988"},"modified":"2026-09-01T20:37:54","modified_gmt":"2026-09-01T20:37:54","slug":"consejo-provincial-del-guayas-liderado-por-el-prefecto-carlos-encalada-aprueba-inversion-historica-de-mas-de-66-millones-del-bde-para-prevencion-y-mitigacion-en-6-cantones","status":"publish","type":"post","link":"https:\/\/radiocresatelital.com\/?p=58988","title":{"rendered":"Consejo Provincial del Guayas, liderado por el prefecto Carlos Encalada, aprueba inversi\u00f3n hist\u00f3rica de m\u00e1s de $66 millones del BDE, para  prevenci\u00f3n y mitigaci\u00f3n en 6 cantones"},"content":{"rendered":"<p>Guayaquil.- En sesi\u00f3n ordinaria del Honorable Consejo Provincial del Guayas, presidida por el Prefecto Carlos Encalada, el pleno aprob\u00f3 por unanimidad la viabilidad t\u00e9cnica, financiera y jur\u00eddica del cr\u00e9dito otorgado por el Banco de Desarrollo del Ecuador B.P. (BDE), por un monto de hasta USD 66.076.255,96.<\/p>\n<p>La inyecci\u00f3n de recursos estrat\u00e9gicos, que demuestra confianza institucional en la Prefectura del Guayas, estar\u00e1 destinada a la ejecuci\u00f3n de dos megaproyectos de resiliencia h\u00eddrica, enfocados en mitigar los<br \/>\nimpactos del Fen\u00f3meno El Ni\u00f1o y el incremento de riesgos clim\u00e1ticos en la provincia:<br \/>\n\u2713 Cuenca del R\u00edo Pedro Carbo: Obras de mejoramiento de la secci\u00f3n hidr\u00e1ulica, limpieza y desazolve de los cuerpos h\u00eddricos que conforman la cuenca, protegiendo a los cantones Pedro Carbo, Lomas de Sargentillo, Isidro Ayora, Nobol y Daule.<\/p>\n<p>\u2713 Sistema La Molienda de Pauj\u00ed (Naranjal): Construcci\u00f3n y rehabilitaci\u00f3n integral de la infraestructura de riego y drenaje en la parroquia y cant\u00f3n Naranjal.<\/p>\n<p>En el Orden del D\u00eda, el Pleno tambi\u00e9n aprob\u00f3, en primer debate, el proyecto de Ordenanza que crea el Sistema Provincial de Cooperaci\u00f3n y Alianzas Estrat\u00e9gicas para el Desarrollo del Guayas, norma que busca estructurar esquemas de atracci\u00f3n de inversiones y alianzas p\u00fablico-privadas para acelerar la obra p\u00fablica.<\/p>\n<p>Asimismo, se dio paso a las resoluciones de declaratoria de utilidad p\u00fablica necesarias para viabilizar obras clave de conectividad, entre las que destacan el puente vehicular sobre el r\u00edo Macul en Balzar, el puente sobre el r\u00edo Ferm\u00edn en el recinto El Pedregal (Guayaquil), la rehabilitaci\u00f3n de la v\u00eda Pedro V\u00e9lez \u2013 Carlos Julio Arosemena en El Empalme, la v\u00eda Colimes \u2013 L\u00edmite Provincial en Colimes, y la v\u00eda Valle de la Virgen \u2013 Las Muras entre Pedro Carbo y Colimes.<\/p>\n<p>Posterior a esta sesi\u00f3n y durante una reuni\u00f3n de trabajo junto al BDE, el Gerente Zonal Litoral, Daniel Cevallos, resalt\u00f3 la gesti\u00f3n del Prefecto y su equipo de trabajo al viabilizar el proceso de financiamiento con agilidad y eficiencia. \u201c(Quiero) Felicitar al equipo de la Prefectura, reitero esas felicitaciones. En tiempo r\u00e9cord conseguir los requisitos ambientales que requer\u00edan estos proyectos (de riego y drenaje) y siempre, pues, trabajar con el sentido de urgencia va a ser excelente para trabajar de la mano, tanto ejecutivo, a trav\u00e9s del Banco de Desarrollo del Ecuador y el gobierno local provincial, liderado por<br \/>\nel prefecto Carlos Encalada\u201d, apunt\u00f3.<\/p>\n<p>Adem\u00e1s, en esa jornada se conoci\u00f3 la posibilidad de concretar un nuevo financiamiento con la banca p\u00fablica para mejorar la vialidad en la provincia, apuntando a un corredor estrat\u00e9gico entre los cantones Isidro Ayora y Guayaquil, con una inversi\u00f3n que alcanza los $10 millones. Actualmente, ya se est\u00e1n concluyendo los estudios t\u00e9cnicos.<\/p>\n","protected":false},"excerpt":{"rendered":"<p>Guayaquil.- En sesi\u00f3n ordinaria del Honorable Consejo Provincial del Guayas, presidida por el Prefecto Carlos Encalada, el pleno aprob\u00f3 por unanimidad la viabilidad t\u00e9cnica, financiera y jur\u00eddica del cr\u00e9dito otorgado por el Banco de Desarrollo del Ecuador B.P. (BDE), por un monto de hasta USD 66.076.255,96. La inyecci\u00f3n de recursos estrat\u00e9gicos, que demuestra confianza institucional [&hellip;]<\/p>\n","protected":false},"author":2,"featured_media":58989,"comment_status":"open","ping_status":"closed","sticky":false,"template":"","format":"standard","meta":{"footnotes":""},"categories":[13],"tags":[9783,8774],"class_list":["post-58988","post","type-post","status-publish","format-standard","has-post-thumbnail","hentry","category-noticias-nacionales","tag-honorable-consejo-provincial-del-guayas","tag-prefecto-carlos-encalada"],"_links":{"self":[{"href":"https:\/\/radiocresatelital.com\/index.php?rest_route=\/wp\/v2\/posts\/58988","targetHints":{"allow":["GET"]}}],"collection":[{"href":"https:\/\/radiocresatelital.com\/index.php?rest_route=\/wp\/v2\/posts"}],"about":[{"href":"https:\/\/radiocresatelital.com\/index.php?rest_route=\/wp\/v2\/types\/post"}],"author":[{"embeddable":true,"href":"https:\/\/radiocresatelital.com\/index.php?rest_route=\/wp\/v2\/users\/2"}],"replies":[{"embeddable":true,"href":"https:\/\/radiocresatelital.com\/index.php?rest_route=%2Fwp%2Fv2%2Fcomments&post=58988"}],"version-history":[{"count":1,"href":"https:\/\/radiocresatelital.com\/index.php?rest_route=\/wp\/v2\/posts\/58988\/revisions"}],"predecessor-version":[{"id":58990,"href":"https:\/\/radiocresatelital.com\/index.php?rest_route=\/wp\/v2\/posts\/58988\/revisions\/58990"}],"wp:featuredmedia":[{"embeddable":true,"href":"https:\/\/radiocresatelital.com\/index.php?rest_route=\/wp\/v2\/media\/58989"}],"wp:attachment":[{"href":"https:\/\/radiocresatelital.com\/index.php?rest_route=%2Fwp%2Fv2%2Fmedia&parent=58988"}],"wp:term":[{"taxonomy":"category","embeddable":true,"href":"https:\/\/radiocresatelital.com\/index.php?rest_route=%2Fwp%2Fv2%2Fcategories&post=58988"},{"taxonomy":"post_tag","embeddable":true,"href":"https:\/\/radiocresatelital.com\/index.php?rest_route=%2Fwp%2Fv2%2Ftags&post=58988"}],"curies":[{"name":"wp","href":"https:\/\/api.w.org\/{rel}","templated":true}]}}