{"id":58982,"date":"2026-09-01T20:29:44","date_gmt":"2026-09-01T20:29:44","guid":{"rendered":"https:\/\/radiocresatelital.com\/?p=58982"},"modified":"2026-09-01T20:54:19","modified_gmt":"2026-09-01T20:54:19","slug":"los-86-anos-de-la-cre","status":"publish","type":"post","link":"https:\/\/radiocresatelital.com\/?p=58982","title":{"rendered":"LOS 86 A\u00d1OS DE LA CRE"},"content":{"rendered":"<p><em><strong>POR V\u00cdCTOR MESTANZA ASPIAZU<\/strong><\/em><\/p>\n<p>Cuenta la historia que el empresario y banquero guayaquile\u00f1o V\u00edctor Emilio Estrada era un asiduo oyente del programa \u201cLa hora deportiva nacional\u201d que se transmit\u00eda por radio El Tel\u00e9grafo y que lo conduc\u00eda Luis Alc\u00edvar Elizalde, campe\u00f3n sudamericano de nataci\u00f3n.<\/p>\n<p>Estrada le propuso a Alc\u00edvar asociarse para crear una nueva radiodifusora, y producto de aquello, el 1 de septiembre de 1940 inicia sus transmisiones la Corporaci\u00f3n Radial del Ecuador, muy popularmente conocida como la CRE.<\/p>\n<p>En 1954 la radio fue adquirida por Rafael Guerrero Valenzuela y Voltaire Paladines Polo, hasta que este \u00faltimo vende sus acciones a su socio y procede a crear el Sistema de Emisoras Atalaya.<\/p>\n<p>Por los micr\u00f3fonos de la CRE, adem\u00e1s de don Rafael Guerrero, tambi\u00e9n fundados de la Asociaci\u00f3n Ecuatoriana de Radiodifusi\u00f3n y del C\u00edrculo de Periodistas Deportivos del Ecuador, han pasado muy reconocidos periodistas, locutores y relatores como Petronio Salazar, Marcos Hidalgo, Pepe Murillo, Walter Espinel Jaramillo, Manolo Mestanza Pacheco, Ruddy Ort\u00edz Iriarte, Carlos V\u00edctor Morales, R\u00f3mulo Barcos Kun, William Lude\u00f1a,\u00a0 Jos\u00e9 Mar\u00eda \u00abTucho\u00bb Guerrero, Ricardo Doylet, Pedro Cabrera, Efra\u00edn Luna Mej\u00eda, Ecuador Mart\u00ednez Collazo, Nabor Reyes, Patricia Giler, Alfonso Chiriboga, Xavier Farah, Mario Viteri, Tob\u00edas Barrilla, Gustavo Y\u00e9pez, Gaby Moreano, Pedro Merch\u00e1n, Ricardo Chac\u00f3n, Ralph del Campo, Ar\u00edstides Castro, Frank Maridue\u00f1a, Manuel Kun Ram\u00edrez, Gerardo Espa\u00f1a, Kl\u00e9ber Zambrano, Carlos Ram\u00f3n Loor, Luis Bustamante, solo por citar a unos pocos.<\/p>\n<p>Como producto de la evoluci\u00f3n de los medios de comunicaci\u00f3n, se puede seguir la programaci\u00f3n a trav\u00e9s del sitio web oficial Radio C.R.E. Satelital, su canal oficial de Radio C.R.E. Satelital &#8211; YouTube y su perfil de Instagram @cresatelital.<\/p>\n<p>En la gr\u00e1fica, captada en 1983, aparece don Rafael Guerrero Valenzuela acompa\u00f1ado por Emilio Ruiz de Diario Expreso, Petronio Salazar de CRE, Efra\u00edn Romero de diario Opini\u00f3n de Machala, y el prof. Carlos Falquez Batallas, en la cabina de la CRE del estadio modelo \u201cGuayaquil\u201d.<\/p>\n","protected":false},"excerpt":{"rendered":"<p>POR V\u00cdCTOR MESTANZA ASPIAZU Cuenta la historia que el empresario y banquero guayaquile\u00f1o V\u00edctor Emilio Estrada era un asiduo oyente del programa \u201cLa hora deportiva nacional\u201d que se transmit\u00eda por radio El Tel\u00e9grafo y que lo conduc\u00eda Luis Alc\u00edvar Elizalde, campe\u00f3n sudamericano de nataci\u00f3n. Estrada le propuso a Alc\u00edvar asociarse para crear una nueva radiodifusora, [&hellip;]<\/p>\n","protected":false},"author":2,"featured_media":58983,"comment_status":"open","ping_status":"closed","sticky":true,"template":"","format":"standard","meta":{"footnotes":""},"categories":[3407,13],"tags":[686],"class_list":["post-58982","post","type-post","status-publish","format-standard","has-post-thumbnail","hentry","category-editorial","category-noticias-nacionales","tag-cre-satelital"],"_links":{"self":[{"href":"https:\/\/radiocresatelital.com\/index.php?rest_route=\/wp\/v2\/posts\/58982","targetHints":{"allow":["GET"]}}],"collection":[{"href":"https:\/\/radiocresatelital.com\/index.php?rest_route=\/wp\/v2\/posts"}],"about":[{"href":"https:\/\/radiocresatelital.com\/index.php?rest_route=\/wp\/v2\/types\/post"}],"author":[{"embeddable":true,"href":"https:\/\/radiocresatelital.com\/index.php?rest_route=\/wp\/v2\/users\/2"}],"replies":[{"embeddable":true,"href":"https:\/\/radiocresatelital.com\/index.php?rest_route=%2Fwp%2Fv2%2Fcomments&post=58982"}],"version-history":[{"count":3,"href":"https:\/\/radiocresatelital.com\/index.php?rest_route=\/wp\/v2\/posts\/58982\/revisions"}],"predecessor-version":[{"id":58998,"href":"https:\/\/radiocresatelital.com\/index.php?rest_route=\/wp\/v2\/posts\/58982\/revisions\/58998"}],"wp:featuredmedia":[{"embeddable":true,"href":"https:\/\/radiocresatelital.com\/index.php?rest_route=\/wp\/v2\/media\/58983"}],"wp:attachment":[{"href":"https:\/\/radiocresatelital.com\/index.php?rest_route=%2Fwp%2Fv2%2Fmedia&parent=58982"}],"wp:term":[{"taxonomy":"category","embeddable":true,"href":"https:\/\/radiocresatelital.com\/index.php?rest_route=%2Fwp%2Fv2%2Fcategories&post=58982"},{"taxonomy":"post_tag","embeddable":true,"href":"https:\/\/radiocresatelital.com\/index.php?rest_route=%2Fwp%2Fv2%2Ftags&post=58982"}],"curies":[{"name":"wp","href":"https:\/\/api.w.org\/{rel}","templated":true}]}}