{"id":58976,"date":"2026-09-01T20:19:39","date_gmt":"2026-09-01T20:19:39","guid":{"rendered":"https:\/\/radiocresatelital.com\/?p=58976"},"modified":"2026-09-01T20:19:39","modified_gmt":"2026-09-01T20:19:39","slug":"presidenta-mishel-mancheno-refuerza-cooperacion-parlamentaria-con-espana","status":"publish","type":"post","link":"https:\/\/radiocresatelital.com\/?p=58976","title":{"rendered":"Presidenta Mishel Mancheno refuerza cooperaci\u00f3n parlamentaria con Espa\u00f1a"},"content":{"rendered":"<p>Quito.- La Presidenta de la Asamblea Nacional, Mishel Mancheno, recibi\u00f3 esta ma\u00f1ana la visita protocolaria del presidente del Senado de Espa\u00f1a, Pedro Roll\u00e1n Ojeda, para abordar mecanismos de cooperaci\u00f3n en materia de seguridad y de lucha contra el crimen organizado transnacional.<\/p>\n<p>En la apertura del encuentro, Mancheno destac\u00f3 que Espa\u00f1a y Ecuador tienen puntos en com\u00fan que permitir\u00e1n establecer una agenda de trabajo conjunta y concreta.<\/p>\n<p>Manifest\u00f3 que ambos pa\u00edses comparten objetivos, entre ellos, combatir la inseguridad, enfrentar el narcotr\u00e1fico y la delincuencia organizada, as\u00ed como abordar otros temas contemplados en los ejes de trabajo de la Agenda de la Asamblea Nacional.<\/p>\n<p>Por su parte, el presidente del Senado espa\u00f1ol, Pedro Roll\u00e1n Ojeda, se\u00f1al\u00f3 que esta instituci\u00f3n cuenta con una Comisi\u00f3n de Asuntos Iberoamericanos, encargada de dar seguimiento a los 22 pa\u00edses que integran la comunidad iberoamericana a trav\u00e9s del Foro Interparlamentario Iberoamericano.<\/p>\n<p>Resalt\u00f3 la importancia del trabajo conjunto en beneficio de los ciudadanos que los eligieron y les confiaron la responsabilidad de defender los intereses de sus respectivos pa\u00edses.<\/p>\n<p>En la reuni\u00f3n se plante\u00f3 la elaboraci\u00f3n de una Declaraci\u00f3n Conjunta sobre Cooperaci\u00f3n Parlamentaria en materia de Seguridad y Lucha contra el Crimen Organizado Transnacional, con el objetivo de consolidar acciones conjuntas y posicionar esta problem\u00e1tica como una prioridad de la agenda parlamentaria iberoamericana.<\/p>\n<p>Asimismo, se comparti\u00f3 la experiencia del Ecuador con la Ley Antimafias como una herramienta destinada a fortalecer la capacidad del Estado para enfrentar de manera integral a las estructuras criminales. Tambi\u00e9n se busca contar con el respaldo del Reino de Espa\u00f1a para incorporar esta problem\u00e1tica en el documento conjunto que se derive del XII Foro Parlamentario Iberoamericano.<\/p>\n<p>La iniciativa busca impulsar una agenda de cooperaci\u00f3n transversal y promover respuestas coordinadas frente a las amenazas que representa el crimen organizado, particularmente en materia de seguridad y fortalecimiento institucional.<\/p>\n<p>A estos \u00e1mbitos se suman los temas contemplados en la Agenda Parlamentaria 2026-2027, relacionados con seguridad y lucha contra la corrupci\u00f3n; desarrollo humano y modernizaci\u00f3n institucional; y crecimiento econ\u00f3mico sostenible y seguridad jur\u00eddica para la inversi\u00f3n.<\/p>\n<p>La delegaci\u00f3n del Senado espa\u00f1ol estuvo integrada por su presidente, Pedro Roll\u00e1n Ojeda; los vicepresidentes Javier Maroto Aranz\u00e1bal y Concepci\u00f3n Andreu Rodr\u00edguez; el presidente de la Comisi\u00f3n de Asuntos Iberoamericanos, Juan Jos\u00e9 Matari S\u00e1ez, entre otros representantes.<\/p>\n<p>Como parte de la agenda de trabajo, la delegaci\u00f3n espa\u00f1ola se reuni\u00f3 con los integrantes del Grupo Interparlamentario de Amistad Ecuador-Espa\u00f1a.<\/p>\n","protected":false},"excerpt":{"rendered":"<p>Quito.- La Presidenta de la Asamblea Nacional, Mishel Mancheno, recibi\u00f3 esta ma\u00f1ana la visita protocolaria del presidente del Senado de Espa\u00f1a, Pedro Roll\u00e1n Ojeda, para abordar mecanismos de cooperaci\u00f3n en materia de seguridad y de lucha contra el crimen organizado transnacional. En la apertura del encuentro, Mancheno destac\u00f3 que Espa\u00f1a y Ecuador tienen puntos en [&hellip;]<\/p>\n","protected":false},"author":2,"featured_media":58977,"comment_status":"open","ping_status":"closed","sticky":false,"template":"","format":"standard","meta":{"footnotes":""},"categories":[13],"tags":[9556],"class_list":["post-58976","post","type-post","status-publish","format-standard","has-post-thumbnail","hentry","category-noticias-nacionales","tag-presidenta-de-la-asamblea-nacional-mishel-mancheno"],"_links":{"self":[{"href":"https:\/\/radiocresatelital.com\/index.php?rest_route=\/wp\/v2\/posts\/58976","targetHints":{"allow":["GET"]}}],"collection":[{"href":"https:\/\/radiocresatelital.com\/index.php?rest_route=\/wp\/v2\/posts"}],"about":[{"href":"https:\/\/radiocresatelital.com\/index.php?rest_route=\/wp\/v2\/types\/post"}],"author":[{"embeddable":true,"href":"https:\/\/radiocresatelital.com\/index.php?rest_route=\/wp\/v2\/users\/2"}],"replies":[{"embeddable":true,"href":"https:\/\/radiocresatelital.com\/index.php?rest_route=%2Fwp%2Fv2%2Fcomments&post=58976"}],"version-history":[{"count":1,"href":"https:\/\/radiocresatelital.com\/index.php?rest_route=\/wp\/v2\/posts\/58976\/revisions"}],"predecessor-version":[{"id":58978,"href":"https:\/\/radiocresatelital.com\/index.php?rest_route=\/wp\/v2\/posts\/58976\/revisions\/58978"}],"wp:featuredmedia":[{"embeddable":true,"href":"https:\/\/radiocresatelital.com\/index.php?rest_route=\/wp\/v2\/media\/58977"}],"wp:attachment":[{"href":"https:\/\/radiocresatelital.com\/index.php?rest_route=%2Fwp%2Fv2%2Fmedia&parent=58976"}],"wp:term":[{"taxonomy":"category","embeddable":true,"href":"https:\/\/radiocresatelital.com\/index.php?rest_route=%2Fwp%2Fv2%2Fcategories&post=58976"},{"taxonomy":"post_tag","embeddable":true,"href":"https:\/\/radiocresatelital.com\/index.php?rest_route=%2Fwp%2Fv2%2Ftags&post=58976"}],"curies":[{"name":"wp","href":"https:\/\/api.w.org\/{rel}","templated":true}]}}