{"id":58970,"date":"2026-09-01T20:11:43","date_gmt":"2026-09-01T20:11:43","guid":{"rendered":"https:\/\/radiocresatelital.com\/?p=58970"},"modified":"2026-09-01T20:11:43","modified_gmt":"2026-09-01T20:11:43","slug":"el-ring-se-activa-en-el-malecon-del-salado-con-clases-gratuitas-de-boxeo","status":"publish","type":"post","link":"https:\/\/radiocresatelital.com\/?p=58970","title":{"rendered":"El ring se activa en el Malec\u00f3n del Salado con clases gratuitas de boxeo"},"content":{"rendered":"<p>Guayaquil.\u2013 Ni\u00f1os y adolescentes tendr\u00e1n una nueva oportunidad para aprender, ejercitarse y desarrollar valores a trav\u00e9s del deporte. Desde este s\u00e1bado 5 de septiembre se retoman las clases gratuitas de boxeo en la Plaza Deportiva del Malec\u00f3n del Salado, una iniciativa que busca fomentar h\u00e1bitos saludables y fortalecer el uso de los espacios p\u00fablicos como puntos de encuentro para la comunidad.<\/p>\n<p>Dirigido a ni\u00f1os de 8 a 12 a\u00f1os y adolescentes de 13 a 17 a\u00f1os, el programa ofrecer\u00e1 un entorno seguro donde los participantes podr\u00e1n canalizar su energ\u00eda, mejorar su condici\u00f3n f\u00edsica y adquirir herramientas que contribuyan a su desarrollo personal. M\u00e1s all\u00e1 de la pr\u00e1ctica deportiva, las jornadas promueven valores como la disciplina, el respeto, la perseverancia y el trabajo en equipo.<\/p>\n<p>Las personas interesadas en participar deber\u00e1n registrarse previamente a trav\u00e9s del siguiente formulario: https:\/\/bit.ly\/3UHm8nK. Los cupos son limitados.<\/p>\n<p>Las clases se realizar\u00e1n todos los s\u00e1bados, de 10:00 a 12:00, bajo la direcci\u00f3n del instructor Jos\u00e9 Luis Boya Arboleda, quien guiar\u00e1 a los asistentes en el aprendizaje de los fundamentos del boxeo mediante una metodolog\u00eda recreativa y formativa.<\/p>\n<p>Durante cada jornada, los participantes conocer\u00e1n t\u00e9cnicas esenciales de esta disciplina, entre ellas posici\u00f3n y guardia, desplazamientos, coordinaci\u00f3n, golpes b\u00e1sicos, combinaciones, defensa, esquives y ejercicios de acondicionamiento f\u00edsico, fortaleciendo tanto sus capacidades motrices como su confianza y concentraci\u00f3n.<\/p>\n<p>Esta propuesta forma parte de las acciones impulsadas para dinamizar la Plaza Deportiva del Malec\u00f3n del Salado y ampliar la oferta gratuita de actividades para la ciudadan\u00eda. Con ello, la Alcald\u00eda de Guayaquil y la Fundaci\u00f3n Malec\u00f3n 2000 contin\u00faan promoviendo espacios que contribuyen al bienestar, la integraci\u00f3n social y el desarrollo integral de ni\u00f1os y adolescentes.<\/p>\n","protected":false},"excerpt":{"rendered":"<p>Guayaquil.\u2013 Ni\u00f1os y adolescentes tendr\u00e1n una nueva oportunidad para aprender, ejercitarse y desarrollar valores a trav\u00e9s del deporte. Desde este s\u00e1bado 5 de septiembre se retoman las clases gratuitas de boxeo en la Plaza Deportiva del Malec\u00f3n del Salado, una iniciativa que busca fomentar h\u00e1bitos saludables y fortalecer el uso de los espacios p\u00fablicos como [&hellip;]<\/p>\n","protected":false},"author":2,"featured_media":58971,"comment_status":"open","ping_status":"closed","sticky":false,"template":"","format":"standard","meta":{"footnotes":""},"categories":[9,13],"tags":[2597,7747],"class_list":["post-58970","post","type-post","status-publish","format-standard","has-post-thumbnail","hentry","category-deportes","category-noticias-nacionales","tag-boxeo","tag-plaza-deportiva-del-malecon-del-salado"],"_links":{"self":[{"href":"https:\/\/radiocresatelital.com\/index.php?rest_route=\/wp\/v2\/posts\/58970","targetHints":{"allow":["GET"]}}],"collection":[{"href":"https:\/\/radiocresatelital.com\/index.php?rest_route=\/wp\/v2\/posts"}],"about":[{"href":"https:\/\/radiocresatelital.com\/index.php?rest_route=\/wp\/v2\/types\/post"}],"author":[{"embeddable":true,"href":"https:\/\/radiocresatelital.com\/index.php?rest_route=\/wp\/v2\/users\/2"}],"replies":[{"embeddable":true,"href":"https:\/\/radiocresatelital.com\/index.php?rest_route=%2Fwp%2Fv2%2Fcomments&post=58970"}],"version-history":[{"count":1,"href":"https:\/\/radiocresatelital.com\/index.php?rest_route=\/wp\/v2\/posts\/58970\/revisions"}],"predecessor-version":[{"id":58972,"href":"https:\/\/radiocresatelital.com\/index.php?rest_route=\/wp\/v2\/posts\/58970\/revisions\/58972"}],"wp:featuredmedia":[{"embeddable":true,"href":"https:\/\/radiocresatelital.com\/index.php?rest_route=\/wp\/v2\/media\/58971"}],"wp:attachment":[{"href":"https:\/\/radiocresatelital.com\/index.php?rest_route=%2Fwp%2Fv2%2Fmedia&parent=58970"}],"wp:term":[{"taxonomy":"category","embeddable":true,"href":"https:\/\/radiocresatelital.com\/index.php?rest_route=%2Fwp%2Fv2%2Fcategories&post=58970"},{"taxonomy":"post_tag","embeddable":true,"href":"https:\/\/radiocresatelital.com\/index.php?rest_route=%2Fwp%2Fv2%2Ftags&post=58970"}],"curies":[{"name":"wp","href":"https:\/\/api.w.org\/{rel}","templated":true}]}}