{"id":58967,"date":"2026-09-01T20:09:43","date_gmt":"2026-09-01T20:09:43","guid":{"rendered":"https:\/\/radiocresatelital.com\/?p=58967"},"modified":"2026-09-01T20:09:43","modified_gmt":"2026-09-01T20:09:43","slug":"plaza-guayarte-fortalece-su-identidad-con-una-agenda-semanal-de-emprendimiento-musica-y-cultura","status":"publish","type":"post","link":"https:\/\/radiocresatelital.com\/?p=58967","title":{"rendered":"Plaza Guayarte fortalece su identidad con una agenda semanal de emprendimiento, m\u00fasica y cultura"},"content":{"rendered":"<p>Guayaquil.- Convertir los espacios p\u00fablicos en escenarios de encuentro, creatividad y oportunidades es parte de la transformaci\u00f3n que impulsa el Municipio de Guayaquil. En ese marco, Plaza Guayarte consolida su propuesta como un punto de referencia para la convivencia ciudadana con una agenda permanente y gratuita que integra emprendimiento, m\u00fasica, arte y cultura. El acceso para los visitantes se encuentra habilitado por la avenida Carlos Julio Arosemena.<\/p>\n<p>La semana inicia con una oportunidad para impulsar el talento local. Los mi\u00e9rcoles y viernes se desarrolla \u201cLa Yapita\u201d, una feria que re\u00fane a 12 emprendedores diferentes en cada jornada para exhibir y comercializar sus productos, generando un espacio de visibilidad y crecimiento para peque\u00f1os negocios.<\/p>\n<p>La experiencia se complementa con presentaciones musicales en vivo. El mi\u00e9rcoles 2 de septiembre se presentar\u00e1 Emy, con un repertorio de baladas rom\u00e1nticas; mientras que el viernes 4 ser\u00e1 el turno de Jorge Cheing, quien llevar\u00e1 su propuesta musical al p\u00fablico que visite la plaza.<\/p>\n<p>Por su parte, los jueves desde las 16:30, el espacio se transforma en un escenario para el arte y la formaci\u00f3n cultural gracias al trabajo coordinado con DASE EP. Talleres de pintura, danza afro y presentaciones art\u00edsticas de sus alumnos conforman una jornada abierta a la comunidad, promoviendo la participaci\u00f3n de ni\u00f1os, j\u00f3venes y adultos.<\/p>\n<p>Esta programaci\u00f3n forma parte de una gesti\u00f3n de cercan\u00eda orientada a generar beneficios concretos para la ciudadan\u00eda, mediante oportunidades para emprendedores, espacios para artistas y alternativas de recreaci\u00f3n para las familias. La iniciativa responde a la visi\u00f3n impulsada por la administraci\u00f3n del alcalde Aquiles Alvarez y que contin\u00faa la alcaldesa Tatiana Coronel, fortaleciendo el papel de Plaza Guayarte como un lugar de encuentro e integraci\u00f3n.<\/p>\n<p>Con actividades permanentes y gratuitas, Plaza Guayarte contin\u00faa consolid\u00e1ndose como un espacio abierto para emprender, disfrutar y compartir. El Municipio de Guayaquil invita a la ciudadan\u00eda a recorrer este ic\u00f3nico punto de la ciudad y ser parte de una agenda que convierte el espacio p\u00fablico en cultura, desarrollo y experiencias para todos los guayaquile\u00f1os.<\/p>\n","protected":false},"excerpt":{"rendered":"<p>Guayaquil.- Convertir los espacios p\u00fablicos en escenarios de encuentro, creatividad y oportunidades es parte de la transformaci\u00f3n que impulsa el Municipio de Guayaquil. En ese marco, Plaza Guayarte consolida su propuesta como un punto de referencia para la convivencia ciudadana con una agenda permanente y gratuita que integra emprendimiento, m\u00fasica, arte y cultura. El acceso [&hellip;]<\/p>\n","protected":false},"author":2,"featured_media":58968,"comment_status":"open","ping_status":"closed","sticky":false,"template":"","format":"standard","meta":{"footnotes":""},"categories":[13],"tags":[114,36],"class_list":["post-58967","post","type-post","status-publish","format-standard","has-post-thumbnail","hentry","category-noticias-nacionales","tag-municipio-de-guayaquil","tag-plaza-guayarte"],"_links":{"self":[{"href":"https:\/\/radiocresatelital.com\/index.php?rest_route=\/wp\/v2\/posts\/58967","targetHints":{"allow":["GET"]}}],"collection":[{"href":"https:\/\/radiocresatelital.com\/index.php?rest_route=\/wp\/v2\/posts"}],"about":[{"href":"https:\/\/radiocresatelital.com\/index.php?rest_route=\/wp\/v2\/types\/post"}],"author":[{"embeddable":true,"href":"https:\/\/radiocresatelital.com\/index.php?rest_route=\/wp\/v2\/users\/2"}],"replies":[{"embeddable":true,"href":"https:\/\/radiocresatelital.com\/index.php?rest_route=%2Fwp%2Fv2%2Fcomments&post=58967"}],"version-history":[{"count":1,"href":"https:\/\/radiocresatelital.com\/index.php?rest_route=\/wp\/v2\/posts\/58967\/revisions"}],"predecessor-version":[{"id":58969,"href":"https:\/\/radiocresatelital.com\/index.php?rest_route=\/wp\/v2\/posts\/58967\/revisions\/58969"}],"wp:featuredmedia":[{"embeddable":true,"href":"https:\/\/radiocresatelital.com\/index.php?rest_route=\/wp\/v2\/media\/58968"}],"wp:attachment":[{"href":"https:\/\/radiocresatelital.com\/index.php?rest_route=%2Fwp%2Fv2%2Fmedia&parent=58967"}],"wp:term":[{"taxonomy":"category","embeddable":true,"href":"https:\/\/radiocresatelital.com\/index.php?rest_route=%2Fwp%2Fv2%2Fcategories&post=58967"},{"taxonomy":"post_tag","embeddable":true,"href":"https:\/\/radiocresatelital.com\/index.php?rest_route=%2Fwp%2Fv2%2Ftags&post=58967"}],"curies":[{"name":"wp","href":"https:\/\/api.w.org\/{rel}","templated":true}]}}