{"id":58963,"date":"2026-09-01T16:47:32","date_gmt":"2026-09-01T16:47:32","guid":{"rendered":"https:\/\/radiocresatelital.com\/?p=58963"},"modified":"2026-09-01T16:47:47","modified_gmt":"2026-09-01T16:47:47","slug":"tras-un-tiempo-de-reflexion-ha-llegado-el-momento-de-poner-fin-a-mi-carrera-con-la-seleccion-nacional-antonio-rudiger","status":"publish","type":"post","link":"https:\/\/radiocresatelital.com\/?p=58963","title":{"rendered":"Tras un tiempo de reflexi\u00f3n, ha llegado el momento de poner fin a mi carrera con la selecci\u00f3n nacional, Antonio Rudiger"},"content":{"rendered":"<div class=\"text-module__text__0GDob text-module__dark-grey__UFC18 text-module__regular__qJJtA text-module__small__sph8i body-module__full_width__kCIGb body-module__small_body__gOmDf article-body-module__paragraph__Ts-yF\" data-testid=\"paragraph-0\">\n<p><span dir=\"auto\">Madrid.- El defensa Antonio Rudiger ha comunicado que le dice adi\u00f3s al f\u00fatbol internacional, cerrando un ciclo de 12 a\u00f1os con la selecci\u00f3n nacional y se concentrar\u00e1 en su carrera en clubes y dejar paso a la pr\u00f3xima generaci\u00f3n de jugadores.<\/span><\/p>\n<\/div>\n<div class=\"text-module__text__0GDob text-module__dark-grey__UFC18 text-module__regular__qJJtA text-module__small__sph8i body-module__full_width__kCIGb body-module__small_body__gOmDf article-body-module__paragraph__Ts-yF\" data-testid=\"paragraph-1\"><span dir=\"auto\">El defensa central de 33 a\u00f1os disput\u00f3 86 partidos internacionales tras su debut con la selecci\u00f3n absoluta en 2014, consolid\u00e1ndose como un pilar de la defensa alemana en tres Mundiales y m\u00faltiples Campeonatos de Europa.<\/span><\/div>\n<div class=\"text-module__text__0GDob text-module__dark-grey__UFC18 text-module__regular__qJJtA text-module__small__sph8i body-module__full_width__kCIGb body-module__small_body__gOmDf article-body-module__paragraph__Ts-yF\" data-testid=\"paragraph-2\">\n<p><span dir=\"auto\">\u00abTras un tiempo de reflexi\u00f3n, ha llegado el momento de poner fin a mi carrera con la selecci\u00f3n nacional y dejar paso a la generaci\u00f3n m\u00e1s joven\u00bb, escribi\u00f3 Rudiger en Instagram.<\/span><\/p>\n<\/div>\n<div class=\"text-module__text__0GDob text-module__dark-grey__UFC18 text-module__regular__qJJtA text-module__small__sph8i body-module__full_width__kCIGb body-module__small_body__gOmDf article-body-module__paragraph__Ts-yF\" data-testid=\"paragraph-3\">\n<p><span dir=\"auto\">\u00abAunque no ganamos ning\u00fan t\u00edtulo importante en los \u00faltimos torneos y tuvimos que soportar algunas derrotas dolorosas, este tiempo ha sido un cap\u00edtulo extremadamente especial para m\u00ed, uno que me marcar\u00e1 para siempre.\u00bb<\/span><\/p>\n<\/div>\n<div class=\"text-module__text__0GDob text-module__dark-grey__UFC18 text-module__regular__qJJtA text-module__small__sph8i body-module__full_width__kCIGb body-module__small_body__gOmDf article-body-module__paragraph__Ts-yF\" data-testid=\"paragraph-4\">\n<p><span dir=\"auto\">Rudiger no form\u00f3 parte del equipo alem\u00e1n que gan\u00f3 la Copa del Mundo de 2014.<\/span><\/p>\n<\/div>\n<div data-testid=\"paragraph-4\"><img decoding=\"async\" src=\"https:\/\/www.reuters.com\/resizer\/v2\/POCJZMREY5KJRIPFGTJIAPNXYE.jpg?auth=5e5097b3600b881df8769148fc214d8df51ccf2f2ce4f783dd66faf17e714566&amp;width=1920&amp;quality=80\" alt=\"LaLiga - Real Madrid vs M\u00e1laga\" \/><\/div>\n<div class=\"text-module__text__0GDob text-module__dark-grey__UFC18 text-module__regular__qJJtA text-module__small__sph8i body-module__full_width__kCIGb body-module__small_body__gOmDf article-body-module__paragraph__Ts-yF\" data-testid=\"paragraph-5\"><span dir=\"auto\">Alemania sufri\u00f3 eliminaciones en la fase de grupos en los Mundiales de 2018 y 2022 antes de ser eliminada por Paraguay en los dieciseisavos de final del torneo de 2026, un partido que result\u00f3 ser su \u00faltima aparici\u00f3n con la selecci\u00f3n nacional.<\/span><\/div>\n<div class=\"text-module__text__0GDob text-module__dark-grey__UFC18 text-module__regular__qJJtA text-module__small__sph8i body-module__full_width__kCIGb body-module__small_body__gOmDf article-body-module__paragraph__Ts-yF\" data-testid=\"paragraph-6\">\n<p><span dir=\"auto\">Nacido en Berl\u00edn, Rudiger se form\u00f3 en las categor\u00edas inferiores del Borussia Dortmund y del Stuttgart antes de iniciar una exitosa carrera en clubes que lo llev\u00f3 a la Roma, el Chelsea y el Real Madrid.<\/span><\/p>\n<\/div>\n<div class=\"text-module__text__0GDob text-module__dark-grey__UFC18 text-module__regular__qJJtA text-module__small__sph8i body-module__full_width__kCIGb body-module__small_body__gOmDf article-body-module__paragraph__Ts-yF\" data-testid=\"paragraph-7\">\n<p><span dir=\"auto\">Gan\u00f3 la Liga de Campeones con el Chelsea en 2021 antes de fichar por el Real Madrid en 2022, a\u00f1adiendo los t\u00edtulos de LaLiga y la Liga de Campeones a su palmar\u00e9s en 2024.<\/span><\/p>\n<\/div>\n<div class=\"text-module__text__0GDob text-module__dark-grey__UFC18 text-module__regular__qJJtA text-module__small__sph8i body-module__full_width__kCIGb body-module__small_body__gOmDf article-body-module__paragraph__Ts-yF\" data-testid=\"paragraph-8\"><span dir=\"auto\">\u00abPara m\u00ed comienza un nuevo cap\u00edtulo, en el que me centrar\u00e9 por completo en mi club\u00bb, dijo Rudiger.<\/span><\/div>\n","protected":false},"excerpt":{"rendered":"<p>Madrid.- El defensa Antonio Rudiger ha comunicado que le dice adi\u00f3s al f\u00fatbol internacional, cerrando un ciclo de 12 a\u00f1os con la selecci\u00f3n nacional y se concentrar\u00e1 en su carrera en clubes y dejar paso a la pr\u00f3xima generaci\u00f3n de jugadores. El defensa central de 33 a\u00f1os disput\u00f3 86 partidos internacionales tras su debut con [&hellip;]<\/p>\n","protected":false},"author":2,"featured_media":58964,"comment_status":"open","ping_status":"closed","sticky":false,"template":"","format":"standard","meta":{"footnotes":""},"categories":[7],"tags":[4289,8274],"class_list":["post-58963","post","type-post","status-publish","format-standard","has-post-thumbnail","hentry","category-futbol-internacional","tag-antonio-rudiger","tag-seleccion-alemania"],"_links":{"self":[{"href":"https:\/\/radiocresatelital.com\/index.php?rest_route=\/wp\/v2\/posts\/58963","targetHints":{"allow":["GET"]}}],"collection":[{"href":"https:\/\/radiocresatelital.com\/index.php?rest_route=\/wp\/v2\/posts"}],"about":[{"href":"https:\/\/radiocresatelital.com\/index.php?rest_route=\/wp\/v2\/types\/post"}],"author":[{"embeddable":true,"href":"https:\/\/radiocresatelital.com\/index.php?rest_route=\/wp\/v2\/users\/2"}],"replies":[{"embeddable":true,"href":"https:\/\/radiocresatelital.com\/index.php?rest_route=%2Fwp%2Fv2%2Fcomments&post=58963"}],"version-history":[{"count":2,"href":"https:\/\/radiocresatelital.com\/index.php?rest_route=\/wp\/v2\/posts\/58963\/revisions"}],"predecessor-version":[{"id":58966,"href":"https:\/\/radiocresatelital.com\/index.php?rest_route=\/wp\/v2\/posts\/58963\/revisions\/58966"}],"wp:featuredmedia":[{"embeddable":true,"href":"https:\/\/radiocresatelital.com\/index.php?rest_route=\/wp\/v2\/media\/58964"}],"wp:attachment":[{"href":"https:\/\/radiocresatelital.com\/index.php?rest_route=%2Fwp%2Fv2%2Fmedia&parent=58963"}],"wp:term":[{"taxonomy":"category","embeddable":true,"href":"https:\/\/radiocresatelital.com\/index.php?rest_route=%2Fwp%2Fv2%2Fcategories&post=58963"},{"taxonomy":"post_tag","embeddable":true,"href":"https:\/\/radiocresatelital.com\/index.php?rest_route=%2Fwp%2Fv2%2Ftags&post=58963"}],"curies":[{"name":"wp","href":"https:\/\/api.w.org\/{rel}","templated":true}]}}