{"id":58957,"date":"2026-08-31T20:37:03","date_gmt":"2026-08-31T20:37:03","guid":{"rendered":"https:\/\/radiocresatelital.com\/?p=58957"},"modified":"2026-08-31T23:42:28","modified_gmt":"2026-08-31T23:42:28","slug":"alianza-beneficiara-a-comunidades-de-la-isla-puna-con-un-modelo-de-economia-circular","status":"publish","type":"post","link":"https:\/\/radiocresatelital.com\/?p=58957","title":{"rendered":"Alianza beneficiar\u00e1 a comunidades de la Isla Pun\u00e1 con un modelo de econom\u00eda circular"},"content":{"rendered":"<p>Guayaquil.- El pasado 18 de agosto, DP World en Ecuador y The Social Project firmaron una alianza con Fundaci\u00f3n Holcim Ecuador y Geocycle Ecuador (gestora ambiental perteneciente al Grupo Holcim) a fin de maximizar el programa<strong> \u201cComunidad Que Transforma\u201d<\/strong>, el cual promueve un modelo de econom\u00eda circular en las comunas de la Isla Pun\u00e1, mediante la capacitaci\u00f3n, sensibilizaci\u00f3n y la gesti\u00f3n responsable de residuos.<\/p>\n<p>Desde la implementaci\u00f3n de este programa en el 2025, m\u00e1s de 3.000 residentes de las comunas Cauchiche, Bellavista, Estero de Boca y Subida Alta (en Isla Pun\u00e1) han sido capacitados y han participado en limpiezas de sus playas, permitiendo la recolecci\u00f3n de m\u00e1s de 20.000 kilogramos de residuos. Al entregar estos residuos para su reciclaje, los participantes han accedido a m\u00e1s de 4.000 productos, entre v\u00edveres y materiales de segunda vida.<\/p>\n<p>Este modelo es conocido como Eco-Trueque y es un caso de \u00e9xito de c\u00f3mo la gesti\u00f3n responsable de residuos puede transformarse en oportunidades y construir comunidades m\u00e1s resilientes.<\/p>\n<p>Desde entonces, el programa ha seguido creciendo. Recientemente, la empresa inaugur\u00f3 un Laboratorio de Innovaci\u00f3n Social en la Escuela Fiscal John F. Kennedy, ubicada en la comuna Cauchiche, con la finalidad de transformar los pl\u00e1sticos reciclados en \u00fatiles escolares, involucrando a estudiantes, docentes y familias en un aprendizaje pr\u00e1ctico sobre reciclaje y econom\u00eda circular.<\/p>\n<p>Ahora, con la adhesi\u00f3n de Geocycle Ecuador y Fundaci\u00f3n Holcim Ecuador, la Isla Pun\u00e1 inicia una nueva etapa de trabajo orientada al cuidado ambiental y la gesti\u00f3n circular.<\/p>\n<p>Por un lado, Geocycle Ecuador tendr\u00e1 un papel fundamental en la gesti\u00f3n de residuos que, por su estado o caracter\u00edsticas, no pueden ser reciclados. Estos materiales tendr\u00e1n una segunda oportunidad mediante su coprocesamiento, recuperando su contenido energ\u00e9tico e incorpor\u00e1ndose al proceso de producci\u00f3n de cemento de Holcim Ecuador.<\/p>\n<p>Por su parte, Fundaci\u00f3n Holcim Ecuador se sumar\u00e1 a las acciones de sensibilizaci\u00f3n y educaci\u00f3n ambiental del programa, aportando a la gesti\u00f3n de hasta 10 toneladas anuales de residuos no reciclables no peligrosos.<\/p>\n<p>Con este esfuerzo del sector privado, se busca convertir la gesti\u00f3n de residuos en una oportunidad para generar valor ambiental y social, articulando econom\u00eda circular, participaci\u00f3n comunitaria y acciones concretas para contribuir a un entorno m\u00e1s sostenible en la Isla Pun\u00e1.<\/p>\n","protected":false},"excerpt":{"rendered":"<p>Guayaquil.- El pasado 18 de agosto, DP World en Ecuador y The Social Project firmaron una alianza con Fundaci\u00f3n Holcim Ecuador y Geocycle Ecuador (gestora ambiental perteneciente al Grupo Holcim) a fin de maximizar el programa \u201cComunidad Que Transforma\u201d, el cual promueve un modelo de econom\u00eda circular en las comunas de la Isla Pun\u00e1, mediante [&hellip;]<\/p>\n","protected":false},"author":2,"featured_media":58958,"comment_status":"open","ping_status":"closed","sticky":false,"template":"","format":"standard","meta":{"footnotes":""},"categories":[13],"tags":[9780,9781,9782],"class_list":["post-58957","post","type-post","status-publish","format-standard","has-post-thumbnail","hentry","category-noticias-nacionales","tag-comunidad-que-transforma","tag-fundacion-holcim-ecuador","tag-geocycle-ecuador"],"_links":{"self":[{"href":"https:\/\/radiocresatelital.com\/index.php?rest_route=\/wp\/v2\/posts\/58957","targetHints":{"allow":["GET"]}}],"collection":[{"href":"https:\/\/radiocresatelital.com\/index.php?rest_route=\/wp\/v2\/posts"}],"about":[{"href":"https:\/\/radiocresatelital.com\/index.php?rest_route=\/wp\/v2\/types\/post"}],"author":[{"embeddable":true,"href":"https:\/\/radiocresatelital.com\/index.php?rest_route=\/wp\/v2\/users\/2"}],"replies":[{"embeddable":true,"href":"https:\/\/radiocresatelital.com\/index.php?rest_route=%2Fwp%2Fv2%2Fcomments&post=58957"}],"version-history":[{"count":1,"href":"https:\/\/radiocresatelital.com\/index.php?rest_route=\/wp\/v2\/posts\/58957\/revisions"}],"predecessor-version":[{"id":58959,"href":"https:\/\/radiocresatelital.com\/index.php?rest_route=\/wp\/v2\/posts\/58957\/revisions\/58959"}],"wp:featuredmedia":[{"embeddable":true,"href":"https:\/\/radiocresatelital.com\/index.php?rest_route=\/wp\/v2\/media\/58958"}],"wp:attachment":[{"href":"https:\/\/radiocresatelital.com\/index.php?rest_route=%2Fwp%2Fv2%2Fmedia&parent=58957"}],"wp:term":[{"taxonomy":"category","embeddable":true,"href":"https:\/\/radiocresatelital.com\/index.php?rest_route=%2Fwp%2Fv2%2Fcategories&post=58957"},{"taxonomy":"post_tag","embeddable":true,"href":"https:\/\/radiocresatelital.com\/index.php?rest_route=%2Fwp%2Fv2%2Ftags&post=58957"}],"curies":[{"name":"wp","href":"https:\/\/api.w.org\/{rel}","templated":true}]}}