{"id":58948,"date":"2026-08-31T22:02:13","date_gmt":"2026-08-31T22:02:13","guid":{"rendered":"https:\/\/radiocresatelital.com\/?p=58948"},"modified":"2026-08-31T22:02:13","modified_gmt":"2026-08-31T22:02:13","slug":"carlos-alacarzz-regresa-luego-de-cuatro-meses-con-triunfo-en-el-us-open","status":"publish","type":"post","link":"https:\/\/radiocresatelital.com\/?p=58948","title":{"rendered":"Carlos Alacarzz regresa luego de cuatro meses con triunfo en el US Open"},"content":{"rendered":"<p class=\"wp-block-paragraph\">Nueva York.- Luego de cuatro meses sin jugar por una lesi\u00f3n en su mu\u00f1eca, el tenista Carlos Alcaraz reapareci\u00f3 en el US Open con victoria de 6-4, 6-4 y 6-4 ante el ruso Roman Safiullin en la pista Arthur Ashe, para comenzar de la mejor forma la defensa de su t\u00edtulo en el Abierto de Estados Unidos.<\/p>\n<p class=\"wp-block-paragraph\">Con contundencia, Alcaraz sum\u00f3 su segunda victoria en tres precedentes ante Safiullin, n\u00famero 99 del r\u00e1nking mundial.<\/p>\n<p class=\"wp-block-paragraph\">El ruso, de 29 a\u00f1os, se llev\u00f3 hace tres a\u00f1os el duelo en el Masters 1.000 de Par\u00eds y Alcaraz se hab\u00eda tomado la revancha en 2024, de nuevo en la capital francesa, en el escenario de los Juegos Ol\u00edmpicos.<\/p>\n<p class=\"wp-block-paragraph\">Durante los entrenamientos del Abierto de Estados Unidos de los d\u00edas anteriores, el espa\u00f1ol evidenci\u00f3 molestias en la mu\u00f1eca, y hoy registr\u00f3 durante el partido una velocidad media de saque m\u00e1s baja que antes de su lesi\u00f3n.<\/p>\n<p><img decoding=\"async\" src=\"https:\/\/i0.wp.com\/efe.com\/wp-content\/uploads\/2026\/08\/Alcaraz-US-Open-1.webp?fit=900%2C618&amp;ssl=1\" alt=\"Alcaraz regresa con fuerza y avanza a segunda ronda del Abierto de Estados Unidos\" \/><\/p>\n<p class=\"wp-block-paragraph\">El de hoy fue\u00a0el primer examen real\u00a0de Alcaraz para retomar el ritmo competitivo a los m\u00e1ximos niveles. Y el murciano lo solvent\u00f3 con autoridad, ante un Safiullin concentrado, fuerte con el saque y decidido a extender los puntos.<\/p>\n<p class=\"wp-block-paragraph\">Tras dos horas y 21 minutos de partido, el espa\u00f1ol pudo celebrar con un grito de \u2018Vamos\u2019, luego de superar al ruso que apenas le caus\u00f3 alg\u00fan susto.<\/p>\n<p class=\"wp-block-paragraph\">Alcaraz tiene el desaf\u00edo de\u00a0defender su corona en Nueva York, algo que ning\u00fan hombre consigue desde que lo hiciera el suizo Roger Federer, que gan\u00f3 cinco t\u00edtulos seguidos entre 2004 y 2008.<\/p>\n<p class=\"wp-block-paragraph\">Su pr\u00f3ximo rival ser\u00e1 el portugu\u00e9s Jaime Far\u00eda, n\u00famero 72 del mundo, que se impuso por 6-3, 7-6(4), 4-6, 1-6 y 6-2 al estadounidense Jenson Brooksby.<\/p>\n","protected":false},"excerpt":{"rendered":"<p>Nueva York.- Luego de cuatro meses sin jugar por una lesi\u00f3n en su mu\u00f1eca, el tenista Carlos Alcaraz reapareci\u00f3 en el US Open con victoria de 6-4, 6-4 y 6-4 ante el ruso Roman Safiullin en la pista Arthur Ashe, para comenzar de la mejor forma la defensa de su t\u00edtulo en el Abierto de [&hellip;]<\/p>\n","protected":false},"author":2,"featured_media":58949,"comment_status":"open","ping_status":"closed","sticky":false,"template":"","format":"standard","meta":{"footnotes":""},"categories":[9,64],"tags":[9779,9718],"class_list":["post-58948","post","type-post","status-publish","format-standard","has-post-thumbnail","hentry","category-deportes","category-tenis","tag-carlso-alcaraz","tag-usopen"],"_links":{"self":[{"href":"https:\/\/radiocresatelital.com\/index.php?rest_route=\/wp\/v2\/posts\/58948","targetHints":{"allow":["GET"]}}],"collection":[{"href":"https:\/\/radiocresatelital.com\/index.php?rest_route=\/wp\/v2\/posts"}],"about":[{"href":"https:\/\/radiocresatelital.com\/index.php?rest_route=\/wp\/v2\/types\/post"}],"author":[{"embeddable":true,"href":"https:\/\/radiocresatelital.com\/index.php?rest_route=\/wp\/v2\/users\/2"}],"replies":[{"embeddable":true,"href":"https:\/\/radiocresatelital.com\/index.php?rest_route=%2Fwp%2Fv2%2Fcomments&post=58948"}],"version-history":[{"count":1,"href":"https:\/\/radiocresatelital.com\/index.php?rest_route=\/wp\/v2\/posts\/58948\/revisions"}],"predecessor-version":[{"id":58950,"href":"https:\/\/radiocresatelital.com\/index.php?rest_route=\/wp\/v2\/posts\/58948\/revisions\/58950"}],"wp:featuredmedia":[{"embeddable":true,"href":"https:\/\/radiocresatelital.com\/index.php?rest_route=\/wp\/v2\/media\/58949"}],"wp:attachment":[{"href":"https:\/\/radiocresatelital.com\/index.php?rest_route=%2Fwp%2Fv2%2Fmedia&parent=58948"}],"wp:term":[{"taxonomy":"category","embeddable":true,"href":"https:\/\/radiocresatelital.com\/index.php?rest_route=%2Fwp%2Fv2%2Fcategories&post=58948"},{"taxonomy":"post_tag","embeddable":true,"href":"https:\/\/radiocresatelital.com\/index.php?rest_route=%2Fwp%2Fv2%2Ftags&post=58948"}],"curies":[{"name":"wp","href":"https:\/\/api.w.org\/{rel}","templated":true}]}}