{"id":58942,"date":"2026-08-31T21:55:15","date_gmt":"2026-08-31T21:55:15","guid":{"rendered":"https:\/\/radiocresatelital.com\/?p=58942"},"modified":"2026-08-31T21:55:15","modified_gmt":"2026-08-31T21:55:15","slug":"municipio-ejecutara-mantenimiento-preventivo-en-el-sistema-de-drenaje-pluvial-del-tunel-san-eduardo","status":"publish","type":"post","link":"https:\/\/radiocresatelital.com\/?p=58942","title":{"rendered":"Municipio ejecutar\u00e1 mantenimiento preventivo en el sistema de drenaje pluvial del T\u00fanel San Eduardo"},"content":{"rendered":"<p>Guayaquil.- Como parte de las acciones de preparaci\u00f3n ante la pr\u00f3xima temporada invernal, el Municipio de Guayaquil realizar\u00e1 trabajos de mantenimiento preventivo en el sistema de drenaje pluvial del T\u00fanel San Eduardo.<\/p>\n<p>La intervenci\u00f3n busca asegurar el correcto funcionamiento del sistema de evacuaci\u00f3n de aguas lluvias, prevenir acumulaciones de agua y reducir posibles afectaciones a la circulaci\u00f3n vehicular.<\/p>\n<p>Las labores contemplan la limpieza de rejillas y sumideros, el retiro de sedimentos y desechos acumulados en los canales pluviales, la limpieza y habilitaci\u00f3n de las l\u00edneas de descarga, el ajuste de tapas de canales ubicadas al interior del t\u00fanel, as\u00ed como la limpieza de paredes y calzada.<\/p>\n<p>De acuerdo con el cronograma establecido, los trabajos se ejecutar\u00e1n entre el 31 de agosto y el 1 de octubre de 2026, de lunes a jueves, en horario nocturno de 23h00 a 05h00 locales (04h00 a 10h00 GMT). Esta programaci\u00f3n permitir\u00e1 reducir el impacto en la movilidad y mantener la circulaci\u00f3n vehicular durante los fines de semana.<\/p>\n<p>Durante la ejecuci\u00f3n de las labores, la Autoridad de Tr\u00e1nsito y Movilidad (ATM) implementar\u00e1 cierres temporales y realizar\u00e1 controles para regular el flujo vehicular en la zona.<\/p>\n<p>Estas acciones forman parte del mantenimiento peri\u00f3dico de la infraestructura vial de la ciudad y contribuyen a preservar las condiciones operativas y de seguridad del t\u00fanel.<\/p>\n","protected":false},"excerpt":{"rendered":"<p>Guayaquil.- Como parte de las acciones de preparaci\u00f3n ante la pr\u00f3xima temporada invernal, el Municipio de Guayaquil realizar\u00e1 trabajos de mantenimiento preventivo en el sistema de drenaje pluvial del T\u00fanel San Eduardo. La intervenci\u00f3n busca asegurar el correcto funcionamiento del sistema de evacuaci\u00f3n de aguas lluvias, prevenir acumulaciones de agua y reducir posibles afectaciones a [&hellip;]<\/p>\n","protected":false},"author":2,"featured_media":58943,"comment_status":"open","ping_status":"closed","sticky":false,"template":"","format":"standard","meta":{"footnotes":""},"categories":[33,13],"tags":[114],"class_list":["post-58942","post","type-post","status-publish","format-standard","has-post-thumbnail","hentry","category-guayaquil","category-noticias-nacionales","tag-municipio-de-guayaquil"],"_links":{"self":[{"href":"https:\/\/radiocresatelital.com\/index.php?rest_route=\/wp\/v2\/posts\/58942","targetHints":{"allow":["GET"]}}],"collection":[{"href":"https:\/\/radiocresatelital.com\/index.php?rest_route=\/wp\/v2\/posts"}],"about":[{"href":"https:\/\/radiocresatelital.com\/index.php?rest_route=\/wp\/v2\/types\/post"}],"author":[{"embeddable":true,"href":"https:\/\/radiocresatelital.com\/index.php?rest_route=\/wp\/v2\/users\/2"}],"replies":[{"embeddable":true,"href":"https:\/\/radiocresatelital.com\/index.php?rest_route=%2Fwp%2Fv2%2Fcomments&post=58942"}],"version-history":[{"count":1,"href":"https:\/\/radiocresatelital.com\/index.php?rest_route=\/wp\/v2\/posts\/58942\/revisions"}],"predecessor-version":[{"id":58944,"href":"https:\/\/radiocresatelital.com\/index.php?rest_route=\/wp\/v2\/posts\/58942\/revisions\/58944"}],"wp:featuredmedia":[{"embeddable":true,"href":"https:\/\/radiocresatelital.com\/index.php?rest_route=\/wp\/v2\/media\/58943"}],"wp:attachment":[{"href":"https:\/\/radiocresatelital.com\/index.php?rest_route=%2Fwp%2Fv2%2Fmedia&parent=58942"}],"wp:term":[{"taxonomy":"category","embeddable":true,"href":"https:\/\/radiocresatelital.com\/index.php?rest_route=%2Fwp%2Fv2%2Fcategories&post=58942"},{"taxonomy":"post_tag","embeddable":true,"href":"https:\/\/radiocresatelital.com\/index.php?rest_route=%2Fwp%2Fv2%2Ftags&post=58942"}],"curies":[{"name":"wp","href":"https:\/\/api.w.org\/{rel}","templated":true}]}}