{"id":58931,"date":"2026-08-31T21:21:16","date_gmt":"2026-08-31T21:21:16","guid":{"rendered":"https:\/\/radiocresatelital.com\/?p=58931"},"modified":"2026-08-31T21:21:16","modified_gmt":"2026-08-31T21:21:16","slug":"argentina-que-vuelve-a-ser-sede-de-un-congreso-mundial-de-la-fia-reune-todas-las-condiciones-para-albergar-nuevamente-la-formula-1-javier-milei","status":"publish","type":"post","link":"https:\/\/radiocresatelital.com\/?p=58931","title":{"rendered":"Argentina, que vuelve a ser sede de un congreso mundial de la FIA, re\u00fane todas las condiciones para albergar nuevamente la F\u00f3rmula 1, Javier Milei"},"content":{"rendered":"<p>Buenaos Aires.- Argentina se encuentra con la posibilidad de tener nuevamente un Gran Premio de F\u00f3rmula 1 luego de 28 a\u00f1os de ausencia dentro del calendario internacional, as\u00ed lo ha anunciado el Presidente de la Rep\u00fablica Argentina, Javier Milei en su discurso durante el congreso de la Federaci\u00f3n Internacional del Autom\u00f3vil (FIA), que se celebra en Buenos Aires.<\/p>\n<p>\u00abArgentina, que vuelve a ser sede de un congreso mundial de la FIA, re\u00fane todas las condiciones para albergar nuevamente la F\u00f3rmula 1\u00bb, declar\u00f3 el presidente sudamericano.<\/p>\n<p>\u00abArgentina es un pa\u00eds apasionado por los autos.\u00a0La \u00faltima vez que se celebr\u00f3 un Gran Premio en Argentina fue en 1998 en el aut\u00f3dromo de G\u00e1lvez, pero durante todo este tiempo, la pasi\u00f3n de los argentinos por las carreras nunca ha disminuido: lo \u00fanico que falta en estos \u00faltimos 28 a\u00f1os es que el mundo nos vuelva a ver como un pa\u00eds capaz de organizar un Gran Premio\u00bb, agreg\u00f3.<\/p>\n<p><img decoding=\"async\" src=\"https:\/\/hips.hearstapps.com\/hmg-prod\/images\/fmcbb26xwaq8nv6-1673278769.png?crop=1xw:0.75xh;center,top&amp;resize=1200:*\" alt=\"Williams oficializa la incorporaci\u00f3n de un piloto argentino\" \/><\/p>\n<p>\u00abTenemos la tradici\u00f3n, tenemos los pilotos, y ahora tambi\u00e9n tenemos la seriedad institucional que esta categor\u00eda exige antes de elegir un pa\u00eds.\u00a0Es momento de acelerar en esta direcci\u00f3n, y este congreso representa el primer paso hacia ese regreso\u00bb, concluy\u00f3 Milei.<\/p>\n<p>Y luego enfatiz\u00f3: \u00abQueremos ver a Franco Colapinto en la Argentina\u00bb, en referencia al joven piloto argentino (23 a\u00f1os) que es furor en el pa\u00eds, especialmente en las redes sociales, y que es volante del equipo Alpine.<\/p>\n<p>Argentina tuvo m\u00edticos pilotos de F1 en el pasado, como Juan Manuel Fangio, cinco veces campe\u00f3n del mundo en la d\u00e9cada del &#8217;50, o Carlos Alberto Reutemann, ambos embanderados con el peronismo, un movimiento pol\u00edtico impulsor del automovilismo en Argentina y que con fondos estatales sostuvo el desembarco de figuras locales a la m\u00e1xima categor\u00eda mundial.<\/p>\n","protected":false},"excerpt":{"rendered":"<p>Buenaos Aires.- Argentina se encuentra con la posibilidad de tener nuevamente un Gran Premio de F\u00f3rmula 1 luego de 28 a\u00f1os de ausencia dentro del calendario internacional, as\u00ed lo ha anunciado el Presidente de la Rep\u00fablica Argentina, Javier Milei en su discurso durante el congreso de la Federaci\u00f3n Internacional del Autom\u00f3vil (FIA), que se celebra [&hellip;]<\/p>\n","protected":false},"author":2,"featured_media":58932,"comment_status":"open","ping_status":"closed","sticky":false,"template":"","format":"standard","meta":{"footnotes":""},"categories":[9,20],"tags":[168],"class_list":["post-58931","post","type-post","status-publish","format-standard","has-post-thumbnail","hentry","category-deportes","category-formula-uno","tag-formula-uno"],"_links":{"self":[{"href":"https:\/\/radiocresatelital.com\/index.php?rest_route=\/wp\/v2\/posts\/58931","targetHints":{"allow":["GET"]}}],"collection":[{"href":"https:\/\/radiocresatelital.com\/index.php?rest_route=\/wp\/v2\/posts"}],"about":[{"href":"https:\/\/radiocresatelital.com\/index.php?rest_route=\/wp\/v2\/types\/post"}],"author":[{"embeddable":true,"href":"https:\/\/radiocresatelital.com\/index.php?rest_route=\/wp\/v2\/users\/2"}],"replies":[{"embeddable":true,"href":"https:\/\/radiocresatelital.com\/index.php?rest_route=%2Fwp%2Fv2%2Fcomments&post=58931"}],"version-history":[{"count":1,"href":"https:\/\/radiocresatelital.com\/index.php?rest_route=\/wp\/v2\/posts\/58931\/revisions"}],"predecessor-version":[{"id":58933,"href":"https:\/\/radiocresatelital.com\/index.php?rest_route=\/wp\/v2\/posts\/58931\/revisions\/58933"}],"wp:featuredmedia":[{"embeddable":true,"href":"https:\/\/radiocresatelital.com\/index.php?rest_route=\/wp\/v2\/media\/58932"}],"wp:attachment":[{"href":"https:\/\/radiocresatelital.com\/index.php?rest_route=%2Fwp%2Fv2%2Fmedia&parent=58931"}],"wp:term":[{"taxonomy":"category","embeddable":true,"href":"https:\/\/radiocresatelital.com\/index.php?rest_route=%2Fwp%2Fv2%2Fcategories&post=58931"},{"taxonomy":"post_tag","embeddable":true,"href":"https:\/\/radiocresatelital.com\/index.php?rest_route=%2Fwp%2Fv2%2Ftags&post=58931"}],"curies":[{"name":"wp","href":"https:\/\/api.w.org\/{rel}","templated":true}]}}