{"id":58928,"date":"2026-08-31T20:55:25","date_gmt":"2026-08-31T20:55:25","guid":{"rendered":"https:\/\/radiocresatelital.com\/?p=58928"},"modified":"2026-08-31T20:55:25","modified_gmt":"2026-08-31T20:55:25","slug":"ministro-roberto-luque-coordina-acciones-para-impulsar-el-avance-del-tramo-1a-del-quinto-puente","status":"publish","type":"post","link":"https:\/\/radiocresatelital.com\/?p=58928","title":{"rendered":"Ministro Roberto Luque coordina acciones para impulsar el avance del Tramo 1A del Quinto Puente"},"content":{"rendered":"<p class=\"wp-block-paragraph\">Guayaquil.- El Ministro de Infraestructura y Tecnolog\u00eda (MIT), Roberto Luque, lider\u00f3 una reuni\u00f3n de trabajo con el equipo t\u00e9cnico de la Corporaci\u00f3n Nacional de Electricidad (CNEL) para coordinar las intervenciones en la infraestructura el\u00e9ctrica requeridas para la ejecuci\u00f3n del Tramo 1A del Quinto Puente.<\/p>\n<p class=\"wp-block-paragraph\">Como parte de estas acciones, se prev\u00e9 la instalaci\u00f3n de 63 postes el\u00e9ctricos a lo largo de aproximadamente 5 kil\u00f3metros de l\u00ednea de alta tensi\u00f3n, intervenci\u00f3n que permitir\u00e1 adecuar la infraestructura el\u00e9ctrica existente y coordinar su ejecuci\u00f3n con los distintos frentes de obra del Tramo 1A. Estos trabajos contribuir\u00e1n a liberar las \u00e1reas requeridas para la construcci\u00f3n, reducir interferencias con la infraestructura vial y garantizar condiciones adecuadas para el avance del proyecto.<\/p>\n<p class=\"wp-block-paragraph\">De manera paralela, el MIT avanza con la colocaci\u00f3n de pilotes sobre la avenida 25 de Julio, estructura que conectar\u00e1 con la avenida Cacique Tomal\u00e1. Con cuatro carriles y un kil\u00f3metro de longitud, el viaducto permitir\u00e1 separar el tr\u00e1nsito pesado proveniente del Quinto Puente del flujo vehicular que circula hacia y desde el Hospital General del Guasmo, contribuyendo a ordenar la circulaci\u00f3n en este sector. Para su construcci\u00f3n se contempla la instalaci\u00f3n de alrededor de 1.100 pilotes.<\/p>\n<p class=\"wp-block-paragraph\">El Tramo 1A representa una inversi\u00f3n de USD 134,8 millones e incluye obras complementarias para el sector, como siete canchas deportivas, \u00e1reas verdes, camineras, ciclov\u00edas, juegos infantiles y biosaludables, espacios comunitarios y la rehabilitaci\u00f3n del Parque Planetario. Adem\u00e1s, contempla una v\u00eda alterna paralela a la avenida Cacique Tomal\u00e1, que permitir\u00e1 mantener la circulaci\u00f3n vehicular durante el desarrollo de los trabajos.<\/p>\n<p class=\"wp-block-paragraph\">En el marco de la planificaci\u00f3n de nuevos proyectos viales para Guayas, el principal de esta cartera de Estado mantuvo adem\u00e1s una reuni\u00f3n con el viceministro de Inversiones P\u00fablico-Privadas y Delegaciones, Eduardo Falquez, y los equipos t\u00e9cnicos para analizar el proyecto vial Nobol\u2013San Jos\u00e9\u2013Progreso \/ Perimetral\u2013San Jos\u00e9\u2013Palmar, concebido como una alternativa de conexi\u00f3n que contribuya a descongestionar el nodo urbano de Guayaquil y facilite la movilidad hacia la provincia de Santa Elena.<\/p>\n<p class=\"wp-block-paragraph\">La propuesta contempla 81,57 kil\u00f3metros en el tramo Nobol\u2013San Jos\u00e9\u2013Progreso y 97,55 kil\u00f3metros en el tramo Perimetral\u2013San Jos\u00e9\u2013Palmar, con una inversi\u00f3n estimada de USD 320 millones. Actualmente, el proyecto se encuentra en etapa de elaboraci\u00f3n de estudios y, de acuerdo con la planificaci\u00f3n prevista, el inicio de su construcci\u00f3n se proyecta para el segundo semestre de 2027.<\/p>\n<p class=\"wp-block-paragraph\">Estas acciones forman parte de la planificaci\u00f3n que ejecuta el Gobierno del presidente Daniel Noboa para articular las obras en marcha con nuevos proyectos viales, mediante la coordinaci\u00f3n t\u00e9cnica entre las instituciones involucradas y la definici\u00f3n de intervenciones orientadas a mejorar la movilidad y el transporte en Guayas.<\/p>\n","protected":false},"excerpt":{"rendered":"<p>Guayaquil.- El Ministro de Infraestructura y Tecnolog\u00eda (MIT), Roberto Luque, lider\u00f3 una reuni\u00f3n de trabajo con el equipo t\u00e9cnico de la Corporaci\u00f3n Nacional de Electricidad (CNEL) para coordinar las intervenciones en la infraestructura el\u00e9ctrica requeridas para la ejecuci\u00f3n del Tramo 1A del Quinto Puente. Como parte de estas acciones, se prev\u00e9 la instalaci\u00f3n de 63 [&hellip;]<\/p>\n","protected":false},"author":2,"featured_media":58929,"comment_status":"open","ping_status":"closed","sticky":false,"template":"","format":"standard","meta":{"footnotes":""},"categories":[13],"tags":[1802,9485],"class_list":["post-58928","post","type-post","status-publish","format-standard","has-post-thumbnail","hentry","category-noticias-nacionales","tag-corporacion-nacional-de-electricidad","tag-ministro-de-infraestructura-y-tecnologia-mit-roberto-luque"],"_links":{"self":[{"href":"https:\/\/radiocresatelital.com\/index.php?rest_route=\/wp\/v2\/posts\/58928","targetHints":{"allow":["GET"]}}],"collection":[{"href":"https:\/\/radiocresatelital.com\/index.php?rest_route=\/wp\/v2\/posts"}],"about":[{"href":"https:\/\/radiocresatelital.com\/index.php?rest_route=\/wp\/v2\/types\/post"}],"author":[{"embeddable":true,"href":"https:\/\/radiocresatelital.com\/index.php?rest_route=\/wp\/v2\/users\/2"}],"replies":[{"embeddable":true,"href":"https:\/\/radiocresatelital.com\/index.php?rest_route=%2Fwp%2Fv2%2Fcomments&post=58928"}],"version-history":[{"count":1,"href":"https:\/\/radiocresatelital.com\/index.php?rest_route=\/wp\/v2\/posts\/58928\/revisions"}],"predecessor-version":[{"id":58930,"href":"https:\/\/radiocresatelital.com\/index.php?rest_route=\/wp\/v2\/posts\/58928\/revisions\/58930"}],"wp:featuredmedia":[{"embeddable":true,"href":"https:\/\/radiocresatelital.com\/index.php?rest_route=\/wp\/v2\/media\/58929"}],"wp:attachment":[{"href":"https:\/\/radiocresatelital.com\/index.php?rest_route=%2Fwp%2Fv2%2Fmedia&parent=58928"}],"wp:term":[{"taxonomy":"category","embeddable":true,"href":"https:\/\/radiocresatelital.com\/index.php?rest_route=%2Fwp%2Fv2%2Fcategories&post=58928"},{"taxonomy":"post_tag","embeddable":true,"href":"https:\/\/radiocresatelital.com\/index.php?rest_route=%2Fwp%2Fv2%2Ftags&post=58928"}],"curies":[{"name":"wp","href":"https:\/\/api.w.org\/{rel}","templated":true}]}}