{"id":58922,"date":"2026-08-31T20:47:29","date_gmt":"2026-08-31T20:47:29","guid":{"rendered":"https:\/\/radiocresatelital.com\/?p=58922"},"modified":"2026-08-31T20:47:29","modified_gmt":"2026-08-31T20:47:29","slug":"parque-samanes-avanza-con-la-segunda-fase-de-su-plan-integral-de-repotenciacion","status":"publish","type":"post","link":"https:\/\/radiocresatelital.com\/?p=58922","title":{"rendered":"Parque Samanes avanza con la segunda fase de su plan integral de repotenciaci\u00f3n"},"content":{"rendered":"<p>Guayaquil.- A cuatro meses del inicio de los trabajos de recuperaci\u00f3n en el Parque Samanes, el Municipio de Guayaquil, a trav\u00e9s de Parques EP, ampl\u00eda las intervenciones a nuevos espacios como parte de la segunda fase del plan integral de repotenciaci\u00f3n. Las dos etapas representan una inversi\u00f3n total de USD 3\u2019365.900 destinada a fortalecer la infraestructura deportiva, los sistemas de iluminaci\u00f3n, las \u00e1reas recreativas y los servicios para los visitantes.<\/p>\n<p>Uno de los avances m\u00e1s significativos se registra en la infraestructura deportiva. Desde abril se ejecuta el reemplazo del c\u00e9sped sint\u00e9tico en 29 canchas de f\u00fatbol: 18 medianas, 10 peque\u00f1as y una profesional. De forma complementaria, se repararon o sustituyeron aproximadamente 5.688 m\u00b2 de cercos met\u00e1licos en estos espacios y en \u00e1reas destinadas a la pr\u00e1ctica de indor, b\u00e1squet y v\u00f3ley.<\/p>\n<p>La modernizaci\u00f3n tambi\u00e9n incluye la renovaci\u00f3n del sistema de iluminaci\u00f3n. Hasta el momento se han reemplazado 1.873 luminarias en zonas peatonales, pistas de trote y v\u00edas internas. Actualmente, se realiza el desmontaje de los equipos existentes en las canchas sint\u00e9ticas peque\u00f1as y medianas de f\u00fatbol y en las de v\u00f3ley, para instalar nuevos reflectores que mejorar\u00e1n la visibilidad y seguridad de los usuarios.<\/p>\n<p>En paralelo, se intervienen las siete piletas del parque mediante la reparaci\u00f3n de bombas de recirculaci\u00f3n y bombeo, reposici\u00f3n de luminarias y boquillas, mantenimiento de cer\u00e1mica, limpieza e impermeabilizaci\u00f3n.<\/p>\n<p>Las mejoras tambi\u00e9n alcanzan los espacios de permanencia y servicios. Se efectu\u00f3 el mantenimiento de 221 bancas met\u00e1licas y se instalaron seis bebederos: dos en las canchas alternas, dos en el sector Sandiford y dos detr\u00e1s del estadio Christian \u201cChucho\u201d Ben\u00edtez.<\/p>\n<p>Por su parte, el \u00e1rea infantil suma nuevas adecuaciones con la habilitaci\u00f3n de un ba\u00f1o y la incorporaci\u00f3n de un m\u00f3dulo de juegos tipo casita. Adem\u00e1s, para fortalecer la orientaci\u00f3n de los visitantes, se implementaron 1.447 elementos entre se\u00f1al\u00e9tica orientadora, informativa e interior, as\u00ed como pendones internos y externos.<\/p>\n<p>La intervenci\u00f3n continuar\u00e1 durante el resto de 2026 con el mantenimiento de la pista atl\u00e9tica de caucho y las lagunas, la instalaci\u00f3n de cubiertas en las canchas alternas 1 y 2, y la incorporaci\u00f3n de nuevos juegos infantiles. El Parque Samanes recibe mensualmente un promedio de 140.000 visitantes, cifra que puede variar seg\u00fan los eventos que se desarrollen en sus instalaciones.<\/p>\n<p>Familias, deportistas y ciudadanos de distintas edades son beneficiarios directos de este proceso de repotenciaci\u00f3n, que busca consolidar al principal espacio recreativo y deportivo de la ciudad como un lugar seguro, moderno y funcional.<\/p>\n","protected":false},"excerpt":{"rendered":"<p>Guayaquil.- A cuatro meses del inicio de los trabajos de recuperaci\u00f3n en el Parque Samanes, el Municipio de Guayaquil, a trav\u00e9s de Parques EP, ampl\u00eda las intervenciones a nuevos espacios como parte de la segunda fase del plan integral de repotenciaci\u00f3n. Las dos etapas representan una inversi\u00f3n total de USD 3\u2019365.900 destinada a fortalecer la [&hellip;]<\/p>\n","protected":false},"author":2,"featured_media":58923,"comment_status":"open","ping_status":"closed","sticky":false,"template":"","format":"standard","meta":{"footnotes":""},"categories":[33,13],"tags":[114,5363],"class_list":["post-58922","post","type-post","status-publish","format-standard","has-post-thumbnail","hentry","category-guayaquil","category-noticias-nacionales","tag-municipio-de-guayaquil","tag-parques-ep"],"_links":{"self":[{"href":"https:\/\/radiocresatelital.com\/index.php?rest_route=\/wp\/v2\/posts\/58922","targetHints":{"allow":["GET"]}}],"collection":[{"href":"https:\/\/radiocresatelital.com\/index.php?rest_route=\/wp\/v2\/posts"}],"about":[{"href":"https:\/\/radiocresatelital.com\/index.php?rest_route=\/wp\/v2\/types\/post"}],"author":[{"embeddable":true,"href":"https:\/\/radiocresatelital.com\/index.php?rest_route=\/wp\/v2\/users\/2"}],"replies":[{"embeddable":true,"href":"https:\/\/radiocresatelital.com\/index.php?rest_route=%2Fwp%2Fv2%2Fcomments&post=58922"}],"version-history":[{"count":1,"href":"https:\/\/radiocresatelital.com\/index.php?rest_route=\/wp\/v2\/posts\/58922\/revisions"}],"predecessor-version":[{"id":58924,"href":"https:\/\/radiocresatelital.com\/index.php?rest_route=\/wp\/v2\/posts\/58922\/revisions\/58924"}],"wp:featuredmedia":[{"embeddable":true,"href":"https:\/\/radiocresatelital.com\/index.php?rest_route=\/wp\/v2\/media\/58923"}],"wp:attachment":[{"href":"https:\/\/radiocresatelital.com\/index.php?rest_route=%2Fwp%2Fv2%2Fmedia&parent=58922"}],"wp:term":[{"taxonomy":"category","embeddable":true,"href":"https:\/\/radiocresatelital.com\/index.php?rest_route=%2Fwp%2Fv2%2Fcategories&post=58922"},{"taxonomy":"post_tag","embeddable":true,"href":"https:\/\/radiocresatelital.com\/index.php?rest_route=%2Fwp%2Fv2%2Ftags&post=58922"}],"curies":[{"name":"wp","href":"https:\/\/api.w.org\/{rel}","templated":true}]}}