{"id":58916,"date":"2026-08-31T20:40:02","date_gmt":"2026-08-31T20:40:02","guid":{"rendered":"https:\/\/radiocresatelital.com\/?p=58916"},"modified":"2026-08-31T20:40:02","modified_gmt":"2026-08-31T20:40:02","slug":"jornada-afro-salud-acerco-atencion-medica-gratuita-a-cerca-de-500-habitantes-de-la-trinitaria","status":"publish","type":"post","link":"https:\/\/radiocresatelital.com\/?p=58916","title":{"rendered":"Jornada Afro Salud acerc\u00f3 atenci\u00f3n m\u00e9dica gratuita a cerca de 500 habitantes de La Trinitaria"},"content":{"rendered":"<p>Guayaquil.- Con servicios m\u00e9dicos, ex\u00e1menes diagn\u00f3sticos y entrega de medicamentos sin costo, la feria Afro Salud lleg\u00f3 a La Trinitaria para beneficiar a cerca de 500 ciudadanos, en el marco de la conmemoraci\u00f3n del D\u00eda Internacional de los Afrodescendientes.<\/p>\n<p>La iniciativa, impulsada por el Municipio de Guayaquil a trav\u00e9s de la Direcci\u00f3n de Salud, se desarroll\u00f3 en la cooperativa Nigeria con el prop\u00f3sito de fortalecer el acceso a la salud preventiva y brindar atenci\u00f3n oportuna a familias de este populoso sector del sur de la ciudad.<\/p>\n<p>Durante la jornada, los asistentes recibieron consultas de medicina general, odontolog\u00eda, pediatr\u00eda y nutrici\u00f3n, adem\u00e1s de electrocardiogramas, ecograf\u00edas, pruebas para la detecci\u00f3n de Enfermedades de Transmisi\u00f3n Sexual (ETS) y medicamentos gratuitos. La intervenci\u00f3n permiti\u00f3 que decenas de personas accedieran a servicios que contribuyen a la detecci\u00f3n temprana de enfermedades y al seguimiento de su estado de salud.<\/p>\n<p>La actividad tambi\u00e9n cont\u00f3 con la participaci\u00f3n de Interagua, que instal\u00f3 un punto informativo para orientar a los usuarios sobre convenios de pago y otros servicios de inter\u00e9s para la comunidad, complementando la atenci\u00f3n integral brindada durante la feria.<\/p>\n<p>Entre los beneficiarios estuvo Rosa Garc\u00e9s Nazareno, moradora de la cooperativa Jacobo Bucaram, quien destac\u00f3 la importancia de estas acciones para los habitantes del sector. \u201cYo veo bien porque a veces me siento deca\u00edda, cansada. Ya me hice atender, me dijeron que est\u00e1 todo bien y me mandaron unas medicinas. Me parece muy bien porque necesitamos un medicamento y no tengo. Estoy agradecida con Dios porque han venido medicamentos aqu\u00ed mismo\u201d, manifest\u00f3.<\/p>\n<p>M\u00e1s all\u00e1 de la atenci\u00f3n m\u00e9dica, Afro Salud genera un espacio de cercan\u00eda con la comunidad, llevando servicios esenciales directamente a los barrios y reduciendo las barreras de acceso para quienes requieren asistencia oportuna. Con estas acciones, el Municipio de Guayaquil impulsa su compromiso de promover el bienestar de la ciudadan\u00eda y de construir una ciudad donde la prevenci\u00f3n, la inclusi\u00f3n y el acceso a servicios de calidad lleguen a cada territorio<\/p>\n","protected":false},"excerpt":{"rendered":"<p>Guayaquil.- Con servicios m\u00e9dicos, ex\u00e1menes diagn\u00f3sticos y entrega de medicamentos sin costo, la feria Afro Salud lleg\u00f3 a La Trinitaria para beneficiar a cerca de 500 ciudadanos, en el marco de la conmemoraci\u00f3n del D\u00eda Internacional de los Afrodescendientes. La iniciativa, impulsada por el Municipio de Guayaquil a trav\u00e9s de la Direcci\u00f3n de Salud, se [&hellip;]<\/p>\n","protected":false},"author":2,"featured_media":58917,"comment_status":"open","ping_status":"closed","sticky":false,"template":"","format":"standard","meta":{"footnotes":""},"categories":[13],"tags":[9773,5631,124],"class_list":["post-58916","post","type-post","status-publish","format-standard","has-post-thumbnail","hentry","category-noticias-nacionales","tag-afro-salud","tag-dia-internacional-de-los-afrodescendientes","tag-direccion-de-salud"],"_links":{"self":[{"href":"https:\/\/radiocresatelital.com\/index.php?rest_route=\/wp\/v2\/posts\/58916","targetHints":{"allow":["GET"]}}],"collection":[{"href":"https:\/\/radiocresatelital.com\/index.php?rest_route=\/wp\/v2\/posts"}],"about":[{"href":"https:\/\/radiocresatelital.com\/index.php?rest_route=\/wp\/v2\/types\/post"}],"author":[{"embeddable":true,"href":"https:\/\/radiocresatelital.com\/index.php?rest_route=\/wp\/v2\/users\/2"}],"replies":[{"embeddable":true,"href":"https:\/\/radiocresatelital.com\/index.php?rest_route=%2Fwp%2Fv2%2Fcomments&post=58916"}],"version-history":[{"count":1,"href":"https:\/\/radiocresatelital.com\/index.php?rest_route=\/wp\/v2\/posts\/58916\/revisions"}],"predecessor-version":[{"id":58918,"href":"https:\/\/radiocresatelital.com\/index.php?rest_route=\/wp\/v2\/posts\/58916\/revisions\/58918"}],"wp:featuredmedia":[{"embeddable":true,"href":"https:\/\/radiocresatelital.com\/index.php?rest_route=\/wp\/v2\/media\/58917"}],"wp:attachment":[{"href":"https:\/\/radiocresatelital.com\/index.php?rest_route=%2Fwp%2Fv2%2Fmedia&parent=58916"}],"wp:term":[{"taxonomy":"category","embeddable":true,"href":"https:\/\/radiocresatelital.com\/index.php?rest_route=%2Fwp%2Fv2%2Fcategories&post=58916"},{"taxonomy":"post_tag","embeddable":true,"href":"https:\/\/radiocresatelital.com\/index.php?rest_route=%2Fwp%2Fv2%2Ftags&post=58916"}],"curies":[{"name":"wp","href":"https:\/\/api.w.org\/{rel}","templated":true}]}}