{"id":58913,"date":"2026-08-31T20:37:02","date_gmt":"2026-08-31T20:37:02","guid":{"rendered":"https:\/\/radiocresatelital.com\/?p=58913"},"modified":"2026-08-31T20:37:02","modified_gmt":"2026-08-31T20:37:02","slug":"historia-y-entretenimiento-asi-se-vivio-la-comic-con-ecuador-con-el-museo-nacional-del-cacao","status":"publish","type":"post","link":"https:\/\/radiocresatelital.com\/?p=58913","title":{"rendered":"Historia y entretenimiento: as\u00ed se vivi\u00f3 la Comic Con Ecuador con el Museo Nacional del Cacao"},"content":{"rendered":"<p>Guayaquil.- La puerta principal de Comic Con Ecuador se convirti\u00f3 en un desfile de personajes. Disfraces, diademas, cascos y otros accesorios acompa\u00f1aron a buena parte de los asistentes, que llegaron caracterizados como figuras del cine, los videojuegos y otras expresiones del entretenimiento.<\/p>\n<p>Entre quienes acudieron al \u00faltimo d\u00eda de la feria estuvo Andr\u00e9s Lucero, acompa\u00f1ado de varios familiares disfrazados. Uno de los espacios que m\u00e1s llam\u00f3 su atenci\u00f3n fue el stand del Museo Nacional del Cacao, ubicado al inicio del recorrido y dedicado a contar la historia de la pepa de oro. \u201cMe parece un trabajo muy bueno para conocer un poco de historia de donde viene el cacao\u201d.<\/p>\n<p>\u201cSon chicos que juegan videos y crearon sus personajes. En este tiempo, los j\u00f3venes, hay muchas cosas que no conocen, este tipo de informaci\u00f3n permite que ellos se integren y sepan mucho m\u00e1s de la ciudad. Ya en los colegios hay muchas cosas que no se comparten y que ellos desconocen\u201d, enfatiz\u00f3 Pati\u00f1o.<\/p>\n<p>Para algunos visitantes, la feria tambi\u00e9n signific\u00f3 un primer acercamiento a la oferta tur\u00edstica de la ciudad. Tras recibir el mapa tur\u00edstico actualizado de Guayaquil, continuaron su recorrido entre gigantograf\u00edas, juguetes, adornos y material relacionado con pel\u00edculas, series y videojuegos. Roc\u00edo Pati\u00f1o, madre de varios j\u00f3venes, destac\u00f3 la importancia de acercar a las nuevas generaciones informaci\u00f3n sobre el cacao fino de aroma y otros elementos vinculados con la identidad de Guayaquil.<\/p>\n<p>Otros visitantes conocieron por primera vez la existencia del Museo Nacional del Cacao y solicitaron informaci\u00f3n para visitarlo. El museo funciona en la Casa Patrimonial Guzm\u00e1n Aspiazu, ubicada en las calles Panam\u00e1 e Imbabura, junto al Rinc\u00f3n M\u00e1gico. La entrada es gratuita de martes a domingo, de 10h00 a 17h00 locales (15h00 a 22h00 GMT).<\/p>\n<p>Aunque todav\u00eda no se conocen las cifras oficiales de asistencia, la participaci\u00f3n municipal permiti\u00f3 acercar la historia, la cultura y la oferta tur\u00edstica de Guayaquil al p\u00fablico que acudi\u00f3 a uno de los principales encuentros de entretenimiento realizados en la ciudad.<\/p>\n","protected":false},"excerpt":{"rendered":"<p>Guayaquil.- La puerta principal de Comic Con Ecuador se convirti\u00f3 en un desfile de personajes. Disfraces, diademas, cascos y otros accesorios acompa\u00f1aron a buena parte de los asistentes, que llegaron caracterizados como figuras del cine, los videojuegos y otras expresiones del entretenimiento. Entre quienes acudieron al \u00faltimo d\u00eda de la feria estuvo Andr\u00e9s Lucero, acompa\u00f1ado [&hellip;]<\/p>\n","protected":false},"author":2,"featured_media":58914,"comment_status":"open","ping_status":"closed","sticky":false,"template":"","format":"standard","meta":{"footnotes":""},"categories":[13],"tags":[9746,5659],"class_list":["post-58913","post","type-post","status-publish","format-standard","has-post-thumbnail","hentry","category-noticias-nacionales","tag-comic-con-ecuador","tag-museo-nacional-del-cacao"],"_links":{"self":[{"href":"https:\/\/radiocresatelital.com\/index.php?rest_route=\/wp\/v2\/posts\/58913","targetHints":{"allow":["GET"]}}],"collection":[{"href":"https:\/\/radiocresatelital.com\/index.php?rest_route=\/wp\/v2\/posts"}],"about":[{"href":"https:\/\/radiocresatelital.com\/index.php?rest_route=\/wp\/v2\/types\/post"}],"author":[{"embeddable":true,"href":"https:\/\/radiocresatelital.com\/index.php?rest_route=\/wp\/v2\/users\/2"}],"replies":[{"embeddable":true,"href":"https:\/\/radiocresatelital.com\/index.php?rest_route=%2Fwp%2Fv2%2Fcomments&post=58913"}],"version-history":[{"count":1,"href":"https:\/\/radiocresatelital.com\/index.php?rest_route=\/wp\/v2\/posts\/58913\/revisions"}],"predecessor-version":[{"id":58915,"href":"https:\/\/radiocresatelital.com\/index.php?rest_route=\/wp\/v2\/posts\/58913\/revisions\/58915"}],"wp:featuredmedia":[{"embeddable":true,"href":"https:\/\/radiocresatelital.com\/index.php?rest_route=\/wp\/v2\/media\/58914"}],"wp:attachment":[{"href":"https:\/\/radiocresatelital.com\/index.php?rest_route=%2Fwp%2Fv2%2Fmedia&parent=58913"}],"wp:term":[{"taxonomy":"category","embeddable":true,"href":"https:\/\/radiocresatelital.com\/index.php?rest_route=%2Fwp%2Fv2%2Fcategories&post=58913"},{"taxonomy":"post_tag","embeddable":true,"href":"https:\/\/radiocresatelital.com\/index.php?rest_route=%2Fwp%2Fv2%2Ftags&post=58913"}],"curies":[{"name":"wp","href":"https:\/\/api.w.org\/{rel}","templated":true}]}}