{"id":58898,"date":"2026-08-31T20:21:11","date_gmt":"2026-08-31T20:21:11","guid":{"rendered":"https:\/\/radiocresatelital.com\/?p=58898"},"modified":"2026-08-31T20:21:11","modified_gmt":"2026-08-31T20:21:11","slug":"delantero-brasileno-gabriel-jesus-llega-al-fc-barcelona","status":"publish","type":"post","link":"https:\/\/radiocresatelital.com\/?p=58898","title":{"rendered":"Delantero brasile\u00f1o Gabriel Jes\u00fas llega al FC Barcelona"},"content":{"rendered":"<p class=\"wp-block-paragraph\">Barcelona.- FC Barcelona se encuentra con los \u00faltimos dettales para cerrar el contrato con el delantero brasile\u00f1o del Arsenal, Gabriel Jes\u00fas, de 29 a\u00f1os, as\u00ed lo adelant\u00f3 el diario barcelon\u00e9s Mundo Deportivo y confirmaron fuentes cercanas a la negociaci\u00f3n.<\/p>\n<p class=\"wp-block-paragraph\">Ante la imposibilidad de fichar en este mercado de verano al atacante argentino del Atl\u00e9tico de Madrid Juli\u00e1n \u00c1lvarez, la entidad azulgrana tiene avanzado un acuerdo con el club ingl\u00e9s para incorporar a Gabriel Jes\u00fas, cuyo contrato con el Arsenal termina el pr\u00f3ximo 30 de junio.<\/p>\n<p class=\"wp-block-paragraph\">Seg\u00fan las mismas fuentes cercanas a la negociaci\u00f3n, el Bar\u00e7a pagar\u00e1 a la entidad londinense una cantidad cercana a los 10 millones de euros m\u00e1s variables.<\/p>\n<p class=\"wp-block-paragraph\">El acuerdo entre ambas entidades est\u00e1 tan avanzado que, seg\u00fan dichas fuentes, el futbolista podr\u00eda viajar a Barcelona para firmar su nuevo contrato antes del martes 1 de septiembre, cuando se cerrar\u00e1 el mercado de verano.<\/p>\n<p class=\"wp-block-paragraph\">El Bar\u00e7a ha esperado hasta los \u00faltimos dos d\u00edas de la ventana estival de fichajes para lanzarse a por un delantero centro, uno de los objetivos primordiales de Hansi Flick y el director deportivo del club, Anderson Luis de Souza \u2018Deco\u2019, tras la marcha de los delanteros Robert Lewandowski y Ferran Torres.<\/p>\n<p><img decoding=\"async\" src=\"https:\/\/i0.wp.com\/efe.com\/wp-content\/uploads\/2026\/08\/EA5844-BRITAIN-SOCCER.webp?fit=900%2C587&amp;ssl=1\" \/><\/p>\n<p class=\"wp-block-paragraph\">El internacional argentino Juli\u00e1n Alvarez era el \u2018plan A\u2019 del Bar\u00e7a para ocupar dicho puesto, pero la negativa del Atl\u00e9tico a traspasar al futbolista ha obligado al Bar\u00e7a a mover ficha con Gabriel Jes\u00fas.<\/p>\n<p class=\"wp-block-paragraph\">Pese a la m\u00e1s que probable llegada del brasile\u00f1o, la entidad azulgrana sigue interesada en contratar, en un futuro, al jugador del Atl\u00e9tico de Madrid, que este verano manifest\u00f3 p\u00fablicamente su intenci\u00f3n de salir del club rojiblanco, con preferencia por incorporarse al club catal\u00e1n.<\/p>\n<p class=\"wp-block-paragraph\">Formado en el Palmeiras brasile\u00f1o, Gabriel Jes\u00fas, internacional con la selecci\u00f3n brasile\u00f1a, es un experimentado delantero centro que en el f\u00fatbol europeo ha marcado 127 goles, 95 en 236 partidos con el Manchester City y 32 en 123 duelos en las filas del Arsenal, su \u00faltimo club.<\/p>\n<p class=\"wp-block-paragraph\">En verano de 2022, el club londinense pag\u00f3 algo m\u00e1s de 50 millones de euros al club mancuniano por su fichaje.<\/p>\n<p class=\"wp-block-paragraph\">Su rendimiento en Londres ha sido algo irregular debido a la rotura del ligamento cruzado anterior de la rodilla izquierda que sufri\u00f3 en enero de 2025. Tras recuperarse de esta grave lesi\u00f3n, Gabriel Jes\u00fas jug\u00f3 el curso pasado 27 partidos en los que anot\u00f3 6 tantos.<\/p>\n","protected":false},"excerpt":{"rendered":"<p>Barcelona.- FC Barcelona se encuentra con los \u00faltimos dettales para cerrar el contrato con el delantero brasile\u00f1o del Arsenal, Gabriel Jes\u00fas, de 29 a\u00f1os, as\u00ed lo adelant\u00f3 el diario barcelon\u00e9s Mundo Deportivo y confirmaron fuentes cercanas a la negociaci\u00f3n. Ante la imposibilidad de fichar en este mercado de verano al atacante argentino del Atl\u00e9tico de [&hellip;]<\/p>\n","protected":false},"author":2,"featured_media":58899,"comment_status":"open","ping_status":"closed","sticky":false,"template":"","format":"standard","meta":{"footnotes":""},"categories":[7],"tags":[424,9771],"class_list":["post-58898","post","type-post","status-publish","format-standard","has-post-thumbnail","hentry","category-futbol-internacional","tag-fc-barcelona","tag-gabriel-jesus"],"_links":{"self":[{"href":"https:\/\/radiocresatelital.com\/index.php?rest_route=\/wp\/v2\/posts\/58898","targetHints":{"allow":["GET"]}}],"collection":[{"href":"https:\/\/radiocresatelital.com\/index.php?rest_route=\/wp\/v2\/posts"}],"about":[{"href":"https:\/\/radiocresatelital.com\/index.php?rest_route=\/wp\/v2\/types\/post"}],"author":[{"embeddable":true,"href":"https:\/\/radiocresatelital.com\/index.php?rest_route=\/wp\/v2\/users\/2"}],"replies":[{"embeddable":true,"href":"https:\/\/radiocresatelital.com\/index.php?rest_route=%2Fwp%2Fv2%2Fcomments&post=58898"}],"version-history":[{"count":1,"href":"https:\/\/radiocresatelital.com\/index.php?rest_route=\/wp\/v2\/posts\/58898\/revisions"}],"predecessor-version":[{"id":58900,"href":"https:\/\/radiocresatelital.com\/index.php?rest_route=\/wp\/v2\/posts\/58898\/revisions\/58900"}],"wp:featuredmedia":[{"embeddable":true,"href":"https:\/\/radiocresatelital.com\/index.php?rest_route=\/wp\/v2\/media\/58899"}],"wp:attachment":[{"href":"https:\/\/radiocresatelital.com\/index.php?rest_route=%2Fwp%2Fv2%2Fmedia&parent=58898"}],"wp:term":[{"taxonomy":"category","embeddable":true,"href":"https:\/\/radiocresatelital.com\/index.php?rest_route=%2Fwp%2Fv2%2Fcategories&post=58898"},{"taxonomy":"post_tag","embeddable":true,"href":"https:\/\/radiocresatelital.com\/index.php?rest_route=%2Fwp%2Fv2%2Ftags&post=58898"}],"curies":[{"name":"wp","href":"https:\/\/api.w.org\/{rel}","templated":true}]}}