{"id":58892,"date":"2026-08-31T20:10:54","date_gmt":"2026-08-31T20:10:54","guid":{"rendered":"https:\/\/radiocresatelital.com\/?p=58892"},"modified":"2026-08-31T20:10:54","modified_gmt":"2026-08-31T20:10:54","slug":"ecuador-celebra-la-admision-de-nuevos-estudiantes-en-el-programa-de-maestrias-conjuntas-erasmus-mundus","status":"publish","type":"post","link":"https:\/\/radiocresatelital.com\/?p=58892","title":{"rendered":"Ecuador celebra la admisi\u00f3n de nuevos estudiantes en el programa de maestr\u00edas conjuntas \u201cErasmus Mundus\u201d"},"content":{"rendered":"<p>Quito.-\u00a0 M\u00e1s de 500 ecuatorianos han sido beneficiarios desde 2004 de las Maestr\u00edas Conjuntas Erasmus Mundus, el programa de la Uni\u00f3n Europea que ofrece oportunidades de formaci\u00f3n de excelencia en instituciones de educaci\u00f3n superior de Europa. Esta trayectoria ubica a Ecuador como el tercer pa\u00eds de Sudam\u00e9rica con mayor n\u00famero de participantes, despu\u00e9s de Brasil y Colombia. En 2026, 23 nuevos becarios ecuatorianos se suman a esta comunidad y se preparan para iniciar sus estudios en Europa.<\/p>\n<p>Para celebrar este logro y acompa\u00f1ar a los nuevos becarios antes de su partida, la Delegaci\u00f3n de la Uni\u00f3n Europea en Ecuador realiz\u00f3 un Pre-departure Day, un espacio de encuentro que reuni\u00f3 a los nuevos becarios, representantes de la comunidad Erasmus Mundus y delegados de la Uni\u00f3n Europea.<\/p>\n<p>El evento cont\u00f3 con la participaci\u00f3n de Martin Wiese, Jefe de Cooperaci\u00f3n de la Uni\u00f3n Europea (a.i.); Galo Nina, gestor de Cooperaci\u00f3n de la Uni\u00f3n Europea en Ecuador; y Lorena Viteri, representante de la Erasmus Mundus Association (EMA) en Ecuador y exbecaria del programa. Durante la jornada, los nuevos becarios recibieron un reconocimiento de la Delegaci\u00f3n y participaron en un espacio de intercambio sobre la experiencia Erasmus Mundus y la comunidad que los acompa\u00f1ar\u00e1 durante esta nueva etapa.<\/p>\n<p>\u201cLa educaci\u00f3n sigue siendo una de las herramientas m\u00e1s poderosas para el desarrollo humano, la comprensi\u00f3n mutua y la cooperaci\u00f3n entre nuestros pueblos. Estamos convencidos de que esta experiencia no solo ampliar\u00e1 sus oportunidades profesionales, sino que tambi\u00e9n los transformar\u00e1 profundamente como personas. Confiamos en que regresar\u00e1n al Ecuador con nuevos conocimientos, perspectivas y herramientas para contribuir al desarrollo de su pa\u00eds y de nuestra sociedad global\u201d, se\u00f1al\u00f3 Martin Wiese durante el encuentro.<\/p>\n<p>Los 23 estudiantes seleccionados este a\u00f1o fueron escogidos tras un proceso altamente competitivo y exigente. Las Maestr\u00edas Conjuntas Erasmus Mundus combinan excelencia acad\u00e9mica, cooperaci\u00f3n internacional y diversidad cultural, y permiten a sus estudiantes formarse en diferentes instituciones de educaci\u00f3n superior europeas.<\/p>\n<p>Una de las caracter\u00edsticas distintivas del programa es su dimensi\u00f3n internacional. Dependiendo de la estructura acad\u00e9mica de cada maestr\u00eda, los estudiantes pueden movilizarse entre dos y hasta cuatro pa\u00edses europeos, estudiando en distintos entornos universitarios y construyendo una red internacional de contactos acad\u00e9micos y profesionales.<\/p>\n<p>M\u00e1s all\u00e1 de la formaci\u00f3n acad\u00e9mica, la experiencia Erasmus Mundus ofrece a los estudiantes la oportunidad de conocer nuevas culturas, convivir con personas de diferentes pa\u00edses, ampliar sus perspectivas y fortalecer sus competencias en idiomas extranjeros. Al mismo tiempo, los becarios llevan consigo la identidad, las tradiciones y la riqueza cultural del Ecuador, contribuyendo al intercambio entre sociedades.<\/p>\n<p>La comunidad Erasmus Mundus en Ecuador tambi\u00e9n cumple un papel fundamental en este proceso. La Erasmus Mundus Association re\u00fane a estudiantes y exbecarios que brindan orientaci\u00f3n y acompa\u00f1amiento a quienes inician esta experiencia, fortaleciendo una red que permanece activa m\u00e1s all\u00e1 de la etapa acad\u00e9mica.<\/p>\n<p>La Uni\u00f3n Europea en Ecuador, junto con Erasmus Mundus, promueve cada a\u00f1o la difusi\u00f3n de estas oportunidades a trav\u00e9s de los Erasmus Days, que se celebran en octubre y permiten acercar informaci\u00f3n sobre estas maestr\u00edas a j\u00f3venes de diferentes provincias del pa\u00eds. Este esfuerzo sostenido busca que m\u00e1s estudiantes ecuatorianos conozcan estas oportunidades y se animen a postular.<\/p>\n<p>Con esta nueva generaci\u00f3n, Ecuador contin\u00faa fortaleciendo sus v\u00ednculos acad\u00e9micos y culturales con Europa. Los nuevos becarios parten ahora hacia una experiencia que les permitir\u00e1 ampliar sus conocimientos, perspectivas y redes internacionales, llevando consigo tambi\u00e9n la riqueza del Ecuador.<\/p>\n<p>M\u00e1s informaci\u00f3n sobre el programa Erasmus Mundus: <a href=\"https:\/\/drive.google.com\/file\/d\/1bt772LPgazk7fTng8Ns8M58f6QX7PcLW\/view\">El ABC del programa de la UE Erasmus Mundus<\/a><\/p>\n","protected":false},"excerpt":{"rendered":"<p>Quito.-\u00a0 M\u00e1s de 500 ecuatorianos han sido beneficiarios desde 2004 de las Maestr\u00edas Conjuntas Erasmus Mundus, el programa de la Uni\u00f3n Europea que ofrece oportunidades de formaci\u00f3n de excelencia en instituciones de educaci\u00f3n superior de Europa. Esta trayectoria ubica a Ecuador como el tercer pa\u00eds de Sudam\u00e9rica con mayor n\u00famero de participantes, despu\u00e9s de Brasil [&hellip;]<\/p>\n","protected":false},"author":2,"featured_media":58893,"comment_status":"open","ping_status":"closed","sticky":false,"template":"","format":"standard","meta":{"footnotes":""},"categories":[13],"tags":[9769,285],"class_list":["post-58892","post","type-post","status-publish","format-standard","has-post-thumbnail","hentry","category-noticias-nacionales","tag-maestrias-conjuntas-erasmus-mundus","tag-union-europea"],"_links":{"self":[{"href":"https:\/\/radiocresatelital.com\/index.php?rest_route=\/wp\/v2\/posts\/58892","targetHints":{"allow":["GET"]}}],"collection":[{"href":"https:\/\/radiocresatelital.com\/index.php?rest_route=\/wp\/v2\/posts"}],"about":[{"href":"https:\/\/radiocresatelital.com\/index.php?rest_route=\/wp\/v2\/types\/post"}],"author":[{"embeddable":true,"href":"https:\/\/radiocresatelital.com\/index.php?rest_route=\/wp\/v2\/users\/2"}],"replies":[{"embeddable":true,"href":"https:\/\/radiocresatelital.com\/index.php?rest_route=%2Fwp%2Fv2%2Fcomments&post=58892"}],"version-history":[{"count":1,"href":"https:\/\/radiocresatelital.com\/index.php?rest_route=\/wp\/v2\/posts\/58892\/revisions"}],"predecessor-version":[{"id":58894,"href":"https:\/\/radiocresatelital.com\/index.php?rest_route=\/wp\/v2\/posts\/58892\/revisions\/58894"}],"wp:featuredmedia":[{"embeddable":true,"href":"https:\/\/radiocresatelital.com\/index.php?rest_route=\/wp\/v2\/media\/58893"}],"wp:attachment":[{"href":"https:\/\/radiocresatelital.com\/index.php?rest_route=%2Fwp%2Fv2%2Fmedia&parent=58892"}],"wp:term":[{"taxonomy":"category","embeddable":true,"href":"https:\/\/radiocresatelital.com\/index.php?rest_route=%2Fwp%2Fv2%2Fcategories&post=58892"},{"taxonomy":"post_tag","embeddable":true,"href":"https:\/\/radiocresatelital.com\/index.php?rest_route=%2Fwp%2Fv2%2Ftags&post=58892"}],"curies":[{"name":"wp","href":"https:\/\/api.w.org\/{rel}","templated":true}]}}