{"id":58889,"date":"2026-08-31T16:55:50","date_gmt":"2026-08-31T16:55:50","guid":{"rendered":"https:\/\/radiocresatelital.com\/?p=58889"},"modified":"2026-08-31T19:56:01","modified_gmt":"2026-08-31T19:56:01","slug":"minutocorp-construye-el-nuevo-campus-de-balandra-cruz-del-sur-en-via-a-la-costa","status":"publish","type":"post","link":"https:\/\/radiocresatelital.com\/?p=58889","title":{"rendered":"Minutocorp construye el nuevo campus de Balandra Cruz del Sur en V\u00eda a la Costa"},"content":{"rendered":"<p>Guayaquil.- Balandra Cruz del Sur y Minutocorp presentaron oficialmente el proyecto del Nuevo Campus Balandra Cruz del Sur, marcando una nueva etapa para ambas instituciones. El proyecto permitir\u00e1 consolidar en un mismo espacio la propuesta educativa integral de preescolar, primaria y secundaria que Balandra ha desarrollado durante cerca de cuatro d\u00e9cadas. Para Minutocorp, a su vez, ampl\u00eda su trayectoria hacia el desarrollo de infraestructura de gran escala y alto impacto, incorporando nuevos \u00e1mbitos a su experiencia constructiva.<\/p>\n<p>La presentaci\u00f3n y bendici\u00f3n de la construcci\u00f3n representa el inicio de un nuevo cap\u00edtulo para Balandra Cruz del Sur, que por primera vez durante sus 40 a\u00f1os, reunir\u00e1 todos sus niveles educativos, desde preescolar hasta bachillerato, en un solo campus. Ubicado en el km 12 de la V\u00eda a la Costa, el proyecto contar\u00e1 con un terreno de m\u00e1s de 46.000 m\u00b2 y m\u00e1s de 9.000 m\u00b2 de construcci\u00f3n, con una inversi\u00f3n que supera los USD 6,5 millones.<\/p>\n<p>Como constructora del proyecto, Minutocorp estar\u00e1 a cargo de desarrollar la infraestructura, integrando su experiencia en planificaci\u00f3n y construcci\u00f3n. El dise\u00f1o contempla dos grandes etapas acad\u00e9micas, uno destinado a preescolar y otro que integrar\u00e1 primaria y secundaria, conectados por un corredor peatonal central que articular\u00e1 los diferentes espacios del campus y favorecer\u00e1 la convivencia y el encuentro. La entrega est\u00e1 prevista para abril de 2027, previo al inicio del a\u00f1o lectivo 2027-2028.<\/p>\n<p>La infraestructura incluir\u00e1 canchas de f\u00fatbol, b\u00e1squet y v\u00f3ley, pista atl\u00e9tica y \u00e1reas especializadas para cheerleading y tiro con arco. Tambi\u00e9n contar\u00e1 con auditorio, capilla, bar escolar y accesibilidad integral mediante rampas distribuidas en todo el campus. Como parte de su enfoque de eficiencia y sostenibilidad, el proyecto incorporar\u00e1 paneles solares.<\/p>\n<p>\u201cPara Minutocorp, formar parte de este proyecto representa una gran responsabilidad. Nuestro rol como constructora va m\u00e1s all\u00e1 de desarrollar una infraestructura; se trata de contribuir a la creaci\u00f3n de un espacio que acompa\u00f1ar\u00e1 la formaci\u00f3n y el desarrollo de nuevas generaciones\u201d, se\u00f1al\u00f3 David Concha Neme, Director Ejecutivo de Minutocorp.<\/p>\n<p>Con este proyecto, Balandra proyecta hacia el futuro una historia construida durante casi 40 a\u00f1os, manteniendo la esencia y los valores que han acompa\u00f1ado su propuesta educativa desde sus inicios. La consolidaci\u00f3n de todos sus niveles educativos en un mismo campus permitir\u00e1 fortalecer la experiencia de su comunidad y acompa\u00f1ar las distintas etapas de formaci\u00f3n de sus estudiantes.<\/p>\n<p>\u201cLa construcci\u00f3n de este campus marca un paso importante en la evoluci\u00f3n del colegio. Contar con una infraestructura dise\u00f1ada para las necesidades actuales de la instituci\u00f3n nos permitir\u00e1 ampliar las posibilidades de nuestra propuesta y generar nuevas experiencias para nuestros estudiantes\u201d, menciona Ernesto Weisson, Presidente del Directorio del Balandra Cruz del Sur<\/p>\n<p>La experiencia de Minutocorp en planificaci\u00f3n y construcci\u00f3n se pone al servicio de este proyecto, contribuyendo al desarrollo de una infraestructura especializada que integra espacios acad\u00e9micos, deportivos y formativos. Su participaci\u00f3n ampl\u00eda, adem\u00e1s, su experiencia en proyectos de gran escala y con requerimientos espec\u00edficos<\/p>\n","protected":false},"excerpt":{"rendered":"<p>Guayaquil.- Balandra Cruz del Sur y Minutocorp presentaron oficialmente el proyecto del Nuevo Campus Balandra Cruz del Sur, marcando una nueva etapa para ambas instituciones. El proyecto permitir\u00e1 consolidar en un mismo espacio la propuesta educativa integral de preescolar, primaria y secundaria que Balandra ha desarrollado durante cerca de cuatro d\u00e9cadas. Para Minutocorp, a su [&hellip;]<\/p>\n","protected":false},"author":2,"featured_media":58890,"comment_status":"open","ping_status":"closed","sticky":false,"template":"","format":"standard","meta":{"footnotes":""},"categories":[13],"tags":[9767,7487,9768],"class_list":["post-58889","post","type-post","status-publish","format-standard","has-post-thumbnail","hentry","category-noticias-nacionales","tag-balandra-cruz-del-sur","tag-minutocorp","tag-nuevo-campus-balandra-cruz-del-sur"],"_links":{"self":[{"href":"https:\/\/radiocresatelital.com\/index.php?rest_route=\/wp\/v2\/posts\/58889","targetHints":{"allow":["GET"]}}],"collection":[{"href":"https:\/\/radiocresatelital.com\/index.php?rest_route=\/wp\/v2\/posts"}],"about":[{"href":"https:\/\/radiocresatelital.com\/index.php?rest_route=\/wp\/v2\/types\/post"}],"author":[{"embeddable":true,"href":"https:\/\/radiocresatelital.com\/index.php?rest_route=\/wp\/v2\/users\/2"}],"replies":[{"embeddable":true,"href":"https:\/\/radiocresatelital.com\/index.php?rest_route=%2Fwp%2Fv2%2Fcomments&post=58889"}],"version-history":[{"count":1,"href":"https:\/\/radiocresatelital.com\/index.php?rest_route=\/wp\/v2\/posts\/58889\/revisions"}],"predecessor-version":[{"id":58891,"href":"https:\/\/radiocresatelital.com\/index.php?rest_route=\/wp\/v2\/posts\/58889\/revisions\/58891"}],"wp:featuredmedia":[{"embeddable":true,"href":"https:\/\/radiocresatelital.com\/index.php?rest_route=\/wp\/v2\/media\/58890"}],"wp:attachment":[{"href":"https:\/\/radiocresatelital.com\/index.php?rest_route=%2Fwp%2Fv2%2Fmedia&parent=58889"}],"wp:term":[{"taxonomy":"category","embeddable":true,"href":"https:\/\/radiocresatelital.com\/index.php?rest_route=%2Fwp%2Fv2%2Fcategories&post=58889"},{"taxonomy":"post_tag","embeddable":true,"href":"https:\/\/radiocresatelital.com\/index.php?rest_route=%2Fwp%2Fv2%2Ftags&post=58889"}],"curies":[{"name":"wp","href":"https:\/\/api.w.org\/{rel}","templated":true}]}}