{"id":58880,"date":"2026-08-31T19:39:21","date_gmt":"2026-08-31T19:39:21","guid":{"rendered":"https:\/\/radiocresatelital.com\/?p=58880"},"modified":"2026-08-31T19:39:21","modified_gmt":"2026-08-31T19:39:21","slug":"mercado-del-manglar-conecta-a-la-comunidad-con-la-conservacion-de-puerto-hondo","status":"publish","type":"post","link":"https:\/\/radiocresatelital.com\/?p=58880","title":{"rendered":"Mercado del Manglar conecta a la comunidad con la conservaci\u00f3n de Puerto Hondo"},"content":{"rendered":"<p>Guayaquil.- La riqueza natural de Puerto Hondo se convirti\u00f3 en un aula al aire libre para cerca de 300 estudiantes, docentes y padres de familia que participaron en el Mercado del Manglar, una iniciativa impulsada por la Direcci\u00f3n de Ambiente del Municipio de Guayaquil junto a The Social Project.<\/p>\n<p>La jornada reuni\u00f3 educaci\u00f3n ambiental, emprendimientos locales, gastronom\u00eda, actividades recreativas y paseos en bote, ofreciendo a los asistentes una experiencia directa con el ecosistema de manglar y su importancia para la ciudad. A trav\u00e9s de estas actividades, los participantes conocieron la biodiversidad del sector y reflexionaron sobre la necesidad de preservar los recursos naturales.<\/p>\n<p>Entre ellos estuvo Derly Zamora, estudiante de tercero de bachillerato de la Unidad Educativa Puerto Hondo, quien destac\u00f3 la importancia de acercar a las nuevas generaciones al conocimiento de la naturaleza y su conservaci\u00f3n. \u201cEs sumamente importante porque permite a los estudiantes y a las personas entender la importancia de la biodiversidad del pa\u00eds. Esto ayuda a que los ecosistemas, los animales y las plantas no se pierdan en el futuro\u201d, expres\u00f3.<\/p>\n<p>El espacio tambi\u00e9n sirvi\u00f3 para promover una convivencia responsable con la fauna silvestre. Frente a los avistamientos de cocodrilos registrados en algunos tramos del Estero Salado, Zamora record\u00f3 la necesidad de respetar a estas especies y mantener una distancia prudente.<\/p>\n<p>\u201cLo m\u00e1s recomendable es no alterarlos ni hacerlos sentir amenazados. Los animales no es que sean malos, simplemente se sienten amenazados cuando uno interfiere en su h\u00e1bitat. Lo mejor es respetar su espacio\u201d, se\u00f1al\u00f3.<\/p>\n<p>Para las familias de Puerto Hondo, este tipo de actividades fortalece el v\u00ednculo con un entorno que forma parte de su vida cotidiana. Erika Alc\u00edvar asisti\u00f3 junto a su hijo Alejandro, de siete a\u00f1os, y resalt\u00f3 el valor de fomentar desde la infancia h\u00e1bitos orientados al cuidado ambiental. \u201cPara m\u00ed es muy importante porque hace que los ni\u00f1os conozcan m\u00e1s sobre el medio ambiente, c\u00f3mo cuidarlo y cu\u00e1l es el h\u00e1bitat natural de los animales. Tambi\u00e9n aprenden sobre reciclaje y a cuidar el agua, que es nuestra fuente de vida\u201d, manifest\u00f3.<\/p>\n<p>Con iniciativas como el Mercado del Manglar, el Municipio de Guayaquil promueve el conocimiento de uno de los ecosistemas m\u00e1s representativos de la ciudad, fortaleciendo la conciencia ambiental y el compromiso ciudadano con la protecci\u00f3n de la biodiversidad.<\/p>\n","protected":false},"excerpt":{"rendered":"<p>Guayaquil.- La riqueza natural de Puerto Hondo se convirti\u00f3 en un aula al aire libre para cerca de 300 estudiantes, docentes y padres de familia que participaron en el Mercado del Manglar, una iniciativa impulsada por la Direcci\u00f3n de Ambiente del Municipio de Guayaquil junto a The Social Project. La jornada reuni\u00f3 educaci\u00f3n ambiental, emprendimientos [&hellip;]<\/p>\n","protected":false},"author":2,"featured_media":58881,"comment_status":"open","ping_status":"closed","sticky":false,"template":"","format":"standard","meta":{"footnotes":""},"categories":[13],"tags":[9763],"class_list":["post-58880","post","type-post","status-publish","format-standard","has-post-thumbnail","hentry","category-noticias-nacionales","tag-mercado-del-manglar"],"_links":{"self":[{"href":"https:\/\/radiocresatelital.com\/index.php?rest_route=\/wp\/v2\/posts\/58880","targetHints":{"allow":["GET"]}}],"collection":[{"href":"https:\/\/radiocresatelital.com\/index.php?rest_route=\/wp\/v2\/posts"}],"about":[{"href":"https:\/\/radiocresatelital.com\/index.php?rest_route=\/wp\/v2\/types\/post"}],"author":[{"embeddable":true,"href":"https:\/\/radiocresatelital.com\/index.php?rest_route=\/wp\/v2\/users\/2"}],"replies":[{"embeddable":true,"href":"https:\/\/radiocresatelital.com\/index.php?rest_route=%2Fwp%2Fv2%2Fcomments&post=58880"}],"version-history":[{"count":1,"href":"https:\/\/radiocresatelital.com\/index.php?rest_route=\/wp\/v2\/posts\/58880\/revisions"}],"predecessor-version":[{"id":58882,"href":"https:\/\/radiocresatelital.com\/index.php?rest_route=\/wp\/v2\/posts\/58880\/revisions\/58882"}],"wp:featuredmedia":[{"embeddable":true,"href":"https:\/\/radiocresatelital.com\/index.php?rest_route=\/wp\/v2\/media\/58881"}],"wp:attachment":[{"href":"https:\/\/radiocresatelital.com\/index.php?rest_route=%2Fwp%2Fv2%2Fmedia&parent=58880"}],"wp:term":[{"taxonomy":"category","embeddable":true,"href":"https:\/\/radiocresatelital.com\/index.php?rest_route=%2Fwp%2Fv2%2Fcategories&post=58880"},{"taxonomy":"post_tag","embeddable":true,"href":"https:\/\/radiocresatelital.com\/index.php?rest_route=%2Fwp%2Fv2%2Ftags&post=58880"}],"curies":[{"name":"wp","href":"https:\/\/api.w.org\/{rel}","templated":true}]}}