{"id":58871,"date":"2026-08-31T19:17:05","date_gmt":"2026-08-31T19:17:05","guid":{"rendered":"https:\/\/radiocresatelital.com\/?p=58871"},"modified":"2026-08-31T19:17:05","modified_gmt":"2026-08-31T19:17:05","slug":"guayaquil-se-llena-arte-cultura-y-ciencia-con-la-ruta-de-la-innovacion-2026","status":"publish","type":"post","link":"https:\/\/radiocresatelital.com\/?p=58871","title":{"rendered":"Guayaquil se llena arte, cultura y ciencia con la Ruta de la Innovaci\u00f3n 2026"},"content":{"rendered":"<p><em><strong>Autor: Amanda V\u00e9lez, Gia S\u00e1nchez<\/strong><\/em><\/p>\n<p>Guayaquil.- Este s\u00e1bado 5 de septiembre, el centro de Guayaquil acoger\u00e1 la tercera edici\u00f3n de la Ruta de la Innovaci\u00f3n 2026, una jornada que reunir\u00e1 actividades art\u00edsticas, culturales, cient\u00edficas y tecnol\u00f3gicas en distintos espacios de la ciudad.<\/p>\n<p>La iniciativa, organizada por la Escuela Superior Polit\u00e9cnica del Litoral (ESPOL) y la Universidad de las Artes (UArtes), contar\u00e1 con 36 actividades dirigidas a ni\u00f1os, j\u00f3venes, familias y p\u00fablico general.<\/p>\n<p>La programaci\u00f3n se desarrollar\u00e1 desde las 09h00 hasta las 18h30 (14h00 a 23h30 GMT) y permitir\u00e1 recorrer espacios como la Biblioteca de las Artes, MZ14, la Plaza L\u00fadica, el Museo Municipal, el Museo Nacional del Cacao, el Museo del Bombero Ecuatoriano, el Museo de la M\u00fasica Popular Julio Jaramillo y el Museo Antropol\u00f3gico y de Arte Contempor\u00e1neo (MAAC).<\/p>\n<p>La propuesta busca acercar el conocimiento y la creaci\u00f3n art\u00edstica a la ciudadan\u00eda mediante experiencias abiertas y participativas.<\/p>\n<p>Entre las actividades relacionadas con las artes se encuentran una proyecci\u00f3n de cortometrajes, una exposici\u00f3n art\u00edstica instalativa y una experiencia inmersiva de video mapping 360\u00b0. Tambi\u00e9n habr\u00e1 una performance, presentaciones de danza, m\u00fasica coral, m\u00fasica andina y batucada en la Plaza L\u00fadica.<\/p>\n<p>En la Biblioteca de las Artes se desarrollar\u00e1 adem\u00e1s un taller para ni\u00f1os con legos, mientras que otros espacios ofrecer\u00e1n recorridos relacionados con el patrimonio y la cultura de Guayaquil.<\/p>\n<p>La literatura y las artes esc\u00e9nicas tambi\u00e9n tendr\u00e1n un espacio destacado en el MAAC, donde se realizar\u00e1n actividades de ludoteca, cuentacuentos y manualidades para ni\u00f1os y familias. Adem\u00e1s, el programa \u201cReviviendo la biblioteca\u201d presentar\u00e1 las obras teatrales<\/p>\n<p>El cuento de los tres cerditos y El violinista de Hamel\u00edn. Los asistentes tambi\u00e9n podr\u00e1n participar en un trueque literario, llevando libros usados y en buen estado para intercambiarlos por otras publicaciones.<\/p>\n<p>Para m\u00e1s informaci\u00f3n sobre las actividades, horarios y rutas, ingresar al siguiente enlace https:\/\/storymaps.arcgis.com\/stories\/5802474c934842f38f0430d1e1423d6f<\/p>\n","protected":false},"excerpt":{"rendered":"<p>Autor: Amanda V\u00e9lez, Gia S\u00e1nchez Guayaquil.- Este s\u00e1bado 5 de septiembre, el centro de Guayaquil acoger\u00e1 la tercera edici\u00f3n de la Ruta de la Innovaci\u00f3n 2026, una jornada que reunir\u00e1 actividades art\u00edsticas, culturales, cient\u00edficas y tecnol\u00f3gicas en distintos espacios de la ciudad. La iniciativa, organizada por la Escuela Superior Polit\u00e9cnica del Litoral (ESPOL) y la [&hellip;]<\/p>\n","protected":false},"author":2,"featured_media":58872,"comment_status":"open","ping_status":"closed","sticky":false,"template":"","format":"standard","meta":{"footnotes":""},"categories":[2337],"tags":[9761],"class_list":["post-58871","post","type-post","status-publish","format-standard","has-post-thumbnail","hentry","category-arte","tag-ruta-de-la-innovacion-2026"],"_links":{"self":[{"href":"https:\/\/radiocresatelital.com\/index.php?rest_route=\/wp\/v2\/posts\/58871","targetHints":{"allow":["GET"]}}],"collection":[{"href":"https:\/\/radiocresatelital.com\/index.php?rest_route=\/wp\/v2\/posts"}],"about":[{"href":"https:\/\/radiocresatelital.com\/index.php?rest_route=\/wp\/v2\/types\/post"}],"author":[{"embeddable":true,"href":"https:\/\/radiocresatelital.com\/index.php?rest_route=\/wp\/v2\/users\/2"}],"replies":[{"embeddable":true,"href":"https:\/\/radiocresatelital.com\/index.php?rest_route=%2Fwp%2Fv2%2Fcomments&post=58871"}],"version-history":[{"count":1,"href":"https:\/\/radiocresatelital.com\/index.php?rest_route=\/wp\/v2\/posts\/58871\/revisions"}],"predecessor-version":[{"id":58873,"href":"https:\/\/radiocresatelital.com\/index.php?rest_route=\/wp\/v2\/posts\/58871\/revisions\/58873"}],"wp:featuredmedia":[{"embeddable":true,"href":"https:\/\/radiocresatelital.com\/index.php?rest_route=\/wp\/v2\/media\/58872"}],"wp:attachment":[{"href":"https:\/\/radiocresatelital.com\/index.php?rest_route=%2Fwp%2Fv2%2Fmedia&parent=58871"}],"wp:term":[{"taxonomy":"category","embeddable":true,"href":"https:\/\/radiocresatelital.com\/index.php?rest_route=%2Fwp%2Fv2%2Fcategories&post=58871"},{"taxonomy":"post_tag","embeddable":true,"href":"https:\/\/radiocresatelital.com\/index.php?rest_route=%2Fwp%2Fv2%2Ftags&post=58871"}],"curies":[{"name":"wp","href":"https:\/\/api.w.org\/{rel}","templated":true}]}}