{"id":58868,"date":"2026-08-31T19:14:22","date_gmt":"2026-08-31T19:14:22","guid":{"rendered":"https:\/\/radiocresatelital.com\/?p=58868"},"modified":"2026-08-31T19:14:22","modified_gmt":"2026-08-31T19:14:22","slug":"gobierno-nacional-activa-el-plan-retorno-seguro-3-2-1-volvemos-al-aula-para-el-inicio-del-ano-lectivo-sierra-amazonia-2026-2027","status":"publish","type":"post","link":"https:\/\/radiocresatelital.com\/?p=58868","title":{"rendered":"Gobierno Nacional activa el plan \u201cRetorno Seguro: 3, 2, 1 \u00a1Volvemos al aula!\u201d para el inicio del a\u00f1o lectivo Sierra-Amazon\u00eda 2026-2027"},"content":{"rendered":"<div class=\"row\">\n<section id=\"postcontent\" class=\"col-md-9 col-sm-6 line-right\">Quito.-\u00a0M\u00e1s de 1,7 millones de estudiantes y cerca de 100.000 docentes retornar\u00e1n progresivamente a las aulas desde el 1 de septiembre, en m\u00e1s de 6.000 instituciones educativas del r\u00e9gimen Sierra-Amazon\u00eda.<\/p>\n<p>El Gobierno Nacional, a trav\u00e9s del Ministerio de Educaci\u00f3n, Deporte y Cultura (MINEDEC), implementa el plan \u201cRetorno Seguro: 3, 2, 1 \u00a1Volvemos al aula!\u201d, una estrategia interinstitucional que articula acciones de seguridad, prevenci\u00f3n, gesti\u00f3n de riesgos y bienestar para garantizar un inicio de clases ordenado y seguro.<\/p>\n<p>Para este retorno, el Gobierno Nacional destina USD 136,26 millones en recursos educativos, que incluyen textos, uniformes, alimentaci\u00f3n, transporte y equipamiento. Adem\u00e1s, se han ejecutado y se encuentran en ejecuci\u00f3n intervenciones en 705 instituciones educativas, con una inversi\u00f3n de USD 52,1 millones, beneficiando a m\u00e1s de 412.000 estudiantes<\/p>\n<p><strong>Un retorno escalonado y organizado<\/strong><\/p>\n<p>El inicio de clases ser\u00e1 progresivo:<\/p>\n<ul>\n<li><strong>1 de septiembre:<\/strong>\u00a0Bachillerato e Inicial.<\/li>\n<li><strong>2 de septiembre:<\/strong>\u00a0Educaci\u00f3n General B\u00e1sica Superior y Preparatoria.<\/li>\n<li><strong>3 de septiembre:<\/strong>\u00a0Educaci\u00f3n General B\u00e1sica Media y Elemental.<\/li>\n<\/ul>\n<p>Las matr\u00edculas extraordinarias estar\u00e1n habilitadas del 4 de septiembre de 2026 al 28 de enero de 2027, mientras que los traslados entre instituciones fiscales podr\u00e1n realizarse desde el 14 de septiembre. Ambos procesos ser\u00e1n gratuitos y en l\u00ednea.<\/p>\n<p><strong>Seguridad y prevenci\u00f3n<\/strong><\/p>\n<p>Se desplegar\u00e1n 12.101 servidores policiales para reforzar la presencia y vigilancia en el per\u00edmetro de 4.744 instituciones educativas del r\u00e9gimen Sierra-Amazon\u00eda. En el Distrito Metropolitano de Quito, la Polic\u00eda Nacional actuar\u00e1 en coordinaci\u00f3n con otras entidades locales para fortalecer las acciones de control del espacio p\u00fablico, movilidad y tr\u00e1nsito en los entornos escolares priorizados.<\/p>\n<p>Adem\u00e1s, se brindar\u00e1 resguardo policial en los exteriores de instituciones educativas, ubicadas en las provincias de Pichincha, Imbabura, Tungurahua, Napo, Sucumb\u00edos, Orellana, Zamora Chinchipe, Loja, Morona Santiago, Pastaza, Cotopaxi, Bol\u00edvar, Chimborazo, Carchi, Azuay y Ca\u00f1ar.<\/p>\n<p>Por su parte, el ECU 911, en coordinaci\u00f3n con el MINEDEC, fortalece el monitoreo y la atenci\u00f3n de emergencias en los entornos educativos. 16.933 autoridades educativas est\u00e1n registradas en su aplicativo, facilitando el reporte inmediato de alertas.<\/p>\n<p>Adem\u00e1s, m\u00e1s de 3.100 servidores, desde 16 centros operativos a escala nacional, realizan monitoreo permanente mediante videovigilancia.<\/p>\n<p>A trav\u00e9s de las Intendencias provinciales, se ejecutan operativos de control y prevenci\u00f3n en las zonas aleda\u00f1as a las instituciones educativas, con la finalidad de mantener el orden en los sectores de mayor concurrencia de estudiantes, docentes y familias.<\/p>\n<p><strong>Gesti\u00f3n de riesgos<\/strong><\/p>\n<p>Como parte de la preparaci\u00f3n frente a El Ni\u00f1o y otros fen\u00f3menos naturales, 264 instituciones educativas fueron intervenidas preventivamente con una inversi\u00f3n de m\u00e1s de USD 1 mill\u00f3n.<\/p>\n<p>Adem\u00e1s, durante 2026 se han realizado 69.414 simulacros a escala nacional y est\u00e1n programados 25.000 ejercicios adicionales, fortaleciendo la capacidad de respuesta de estudiantes, docentes y personal educativo.<\/p>\n<p>Tambi\u00e9n se entregaron 62 kits de mitigaci\u00f3n, con una inversi\u00f3n superior a USD 310.000, destinados a instituciones ubicadas en zonas priorizadas seg\u00fan criterios t\u00e9cnicos de riesgo.<\/p>\n<p><strong>Bienestar y acompa\u00f1amiento psicosocial<\/strong><\/p>\n<p>El MINEDEC incorporar\u00e1 1.465 profesionales DECE en instituciones fiscales del r\u00e9gimen Sierra-Amazon\u00eda, con una inversi\u00f3n cercana a USD 6,9 millones.<\/p>\n<p>Esta acci\u00f3n permitir\u00e1 ampliar la cobertura de profesionales DECE del 70 % al 84 %, beneficiando aproximadamente a 659.250 estudiantes y fortaleciendo el acompa\u00f1amiento emocional y la prevenci\u00f3n de situaciones de violencia.<\/p>\n<p>3, 2, 1\u2026 \u00a1Volvemos al aula!<\/p>\n<\/section>\n<\/div>\n","protected":false},"excerpt":{"rendered":"<p>Quito.-\u00a0M\u00e1s de 1,7 millones de estudiantes y cerca de 100.000 docentes retornar\u00e1n progresivamente a las aulas desde el 1 de septiembre, en m\u00e1s de 6.000 instituciones educativas del r\u00e9gimen Sierra-Amazon\u00eda. El Gobierno Nacional, a trav\u00e9s del Ministerio de Educaci\u00f3n, Deporte y Cultura (MINEDEC), implementa el plan \u201cRetorno Seguro: 3, 2, 1 \u00a1Volvemos al aula!\u201d, una [&hellip;]<\/p>\n","protected":false},"author":2,"featured_media":58869,"comment_status":"open","ping_status":"closed","sticky":false,"template":"","format":"standard","meta":{"footnotes":""},"categories":[13],"tags":[8352,9760],"class_list":["post-58868","post","type-post","status-publish","format-standard","has-post-thumbnail","hentry","category-noticias-nacionales","tag-ministerio-de-educacion-deporte-y-cultura","tag-retorno-seguro-3-2-1-volvemos-al-aula"],"_links":{"self":[{"href":"https:\/\/radiocresatelital.com\/index.php?rest_route=\/wp\/v2\/posts\/58868","targetHints":{"allow":["GET"]}}],"collection":[{"href":"https:\/\/radiocresatelital.com\/index.php?rest_route=\/wp\/v2\/posts"}],"about":[{"href":"https:\/\/radiocresatelital.com\/index.php?rest_route=\/wp\/v2\/types\/post"}],"author":[{"embeddable":true,"href":"https:\/\/radiocresatelital.com\/index.php?rest_route=\/wp\/v2\/users\/2"}],"replies":[{"embeddable":true,"href":"https:\/\/radiocresatelital.com\/index.php?rest_route=%2Fwp%2Fv2%2Fcomments&post=58868"}],"version-history":[{"count":1,"href":"https:\/\/radiocresatelital.com\/index.php?rest_route=\/wp\/v2\/posts\/58868\/revisions"}],"predecessor-version":[{"id":58870,"href":"https:\/\/radiocresatelital.com\/index.php?rest_route=\/wp\/v2\/posts\/58868\/revisions\/58870"}],"wp:featuredmedia":[{"embeddable":true,"href":"https:\/\/radiocresatelital.com\/index.php?rest_route=\/wp\/v2\/media\/58869"}],"wp:attachment":[{"href":"https:\/\/radiocresatelital.com\/index.php?rest_route=%2Fwp%2Fv2%2Fmedia&parent=58868"}],"wp:term":[{"taxonomy":"category","embeddable":true,"href":"https:\/\/radiocresatelital.com\/index.php?rest_route=%2Fwp%2Fv2%2Fcategories&post=58868"},{"taxonomy":"post_tag","embeddable":true,"href":"https:\/\/radiocresatelital.com\/index.php?rest_route=%2Fwp%2Fv2%2Ftags&post=58868"}],"curies":[{"name":"wp","href":"https:\/\/api.w.org\/{rel}","templated":true}]}}