{"id":58861,"date":"2026-08-31T18:56:02","date_gmt":"2026-08-31T18:56:02","guid":{"rendered":"https:\/\/radiocresatelital.com\/?p=58861"},"modified":"2026-08-31T18:56:02","modified_gmt":"2026-08-31T18:56:02","slug":"el-totem-que-inspiro-la-tala-y-una-reflexion-sobre-la-construccion-de-la-memoria-patrimonial","status":"publish","type":"post","link":"https:\/\/radiocresatelital.com\/?p=58861","title":{"rendered":"El t\u00f3tem que inspir\u00f3 La Tala y una reflexi\u00f3n sobre la construcci\u00f3n de la memoria patrimonial"},"content":{"rendered":"<p>Guayaquil.- \u00bfQu\u00e9 ocurre cuando un objeto deja el lugar para el que fue creado y pasa a formar parte de una colecci\u00f3n muse\u00edstica? Esa es la pregunta que atraviesa La Tala, la obra de Pamela Cevallos y Oscar Enr\u00edquez que obtuvo el Primer Premio del Sal\u00f3n de Julio en su edici\u00f3n 65 y que toma como punto de partida la historia de un t\u00f3tem mante\u00f1o-huancavilca conservado en el Museo Municipal de Guayaquil.<\/p>\n<p>Antes de convertirse en una pieza patrimonial, el t\u00f3tem permaneci\u00f3 erguido en un bosque y form\u00f3 parte de un entramado de relaciones, significados y usos vinculados a su territorio. A partir de ese desplazamiento, los artistas desarrollan una investigaci\u00f3n que explora las nociones de patrimonio, extracci\u00f3n, despojo y custodia, al tiempo que invita a reflexionar sobre el papel de los museos en la construcci\u00f3n de la memoria colectiva.<\/p>\n<p>La obra centra su atenci\u00f3n en el instante en que un objeto abandona su contexto original para adquirir una nueva condici\u00f3n dentro de una instituci\u00f3n cultural. En ese tr\u00e1nsito, elementos como el archivo, el diorama, la etiqueta o la vitrina dejan de ser simples recursos museogr\u00e1ficos y se convierten en dispositivos que organizan el pasado, producen conocimiento y fijan determinadas interpretaciones hist\u00f3ricas.<\/p>\n<p>M\u00e1s que reconstruir la trayectoria de un objeto espec\u00edfico, La Tala propone mirar cr\u00edticamente los procesos mediante los cuales ciertos bienes son incorporados al patrimonio y las transformaciones que experimentan cuando son separados de los territorios y comunidades que les dieron origen. La pieza pone en evidencia c\u00f3mo los significados de los objetos no son est\u00e1ticos, sino que cambian a medida que circulan entre distintos contextos, instituciones y relatos.<\/p>\n<p>Esta reflexi\u00f3n es resultado de m\u00e1s de una d\u00e9cada de colaboraci\u00f3n entre Pamela Cevallos y Oscar Enr\u00edquez, cuya pr\u00e1ctica conjunta articula investigaci\u00f3n, memoria y archivo para examinar los desplazamientos materiales y simb\u00f3licos que atraviesan los objetos culturales.<\/p>\n<p>Pamela Cevallos desarrolla su trabajo entre el arte, la investigaci\u00f3n antropol\u00f3gica, la escritura y la curadur\u00eda. Ha participado en exposiciones y bienales en Lisboa, Ohio, Barcelona, S\u00e3o Paulo, Toronto, Cuenca y Singapur. Su obra forma parte de colecciones del Museo Nacional del Ecuador, Gardiner Museum y Denver Art Museum. Actualmente es doctoranda en Sociedad y Cultura por la Universitat de Barcelona y profesora de la Pontificia Universidad Cat\u00f3lica del Ecuador.<\/p>\n<p>Por su parte, Oscar Enr\u00edquez es artista, investigador y docente. Su trayectoria integra historia del arte, antropolog\u00eda cultural, educaci\u00f3n y museograf\u00eda. Ha trabajado con museos comunitarios y actualmente desarrolla una narrativa gr\u00e1fica sobre la historia y los desplazamientos de un objeto mante\u00f1o.<\/p>\n<p>La proyecci\u00f3n internacional de Cevallos continuar\u00e1 en noviembre de 2026 con una exposici\u00f3n en el Denver Art Museum y, en enero de 2027, con su participaci\u00f3n en la Sharjah Biennial 17, en Emiratos \u00c1rabes Unidos.<\/p>\n<p>Con La Tala, ambos artistas no solo ingresan al grupo de creadores reconocidos por el Sal\u00f3n de Julio. Tambi\u00e9n abren una conversaci\u00f3n sobre las historias que acompa\u00f1an a los objetos patrimoniales y sobre las formas en que los museos preservan, interpretan y transmiten esas memorias al p\u00fablico.<\/p>\n<p>La Direcci\u00f3n de Patrimonio Cultural del Municipio de Guayaquil invita a la ciudadan\u00eda a visitar el Sal\u00f3n de Julio en el Museo Municipal, ubicado en las calles Sucre entre Chile y Pedro Carbo, de martes a s\u00e1bado, de 08h30 a 17h00 locales (13h30 a 22h00 GMT).<\/p>\n","protected":false},"excerpt":{"rendered":"<p>Guayaquil.- \u00bfQu\u00e9 ocurre cuando un objeto deja el lugar para el que fue creado y pasa a formar parte de una colecci\u00f3n muse\u00edstica? Esa es la pregunta que atraviesa La Tala, la obra de Pamela Cevallos y Oscar Enr\u00edquez que obtuvo el Primer Premio del Sal\u00f3n de Julio en su edici\u00f3n 65 y que toma [&hellip;]<\/p>\n","protected":false},"author":2,"featured_media":58862,"comment_status":"open","ping_status":"closed","sticky":false,"template":"","format":"standard","meta":{"footnotes":""},"categories":[13],"tags":[9759],"class_list":["post-58861","post","type-post","status-publish","format-standard","has-post-thumbnail","hentry","category-noticias-nacionales","tag-primer-premio-del-salon-de-julio"],"_links":{"self":[{"href":"https:\/\/radiocresatelital.com\/index.php?rest_route=\/wp\/v2\/posts\/58861","targetHints":{"allow":["GET"]}}],"collection":[{"href":"https:\/\/radiocresatelital.com\/index.php?rest_route=\/wp\/v2\/posts"}],"about":[{"href":"https:\/\/radiocresatelital.com\/index.php?rest_route=\/wp\/v2\/types\/post"}],"author":[{"embeddable":true,"href":"https:\/\/radiocresatelital.com\/index.php?rest_route=\/wp\/v2\/users\/2"}],"replies":[{"embeddable":true,"href":"https:\/\/radiocresatelital.com\/index.php?rest_route=%2Fwp%2Fv2%2Fcomments&post=58861"}],"version-history":[{"count":1,"href":"https:\/\/radiocresatelital.com\/index.php?rest_route=\/wp\/v2\/posts\/58861\/revisions"}],"predecessor-version":[{"id":58863,"href":"https:\/\/radiocresatelital.com\/index.php?rest_route=\/wp\/v2\/posts\/58861\/revisions\/58863"}],"wp:featuredmedia":[{"embeddable":true,"href":"https:\/\/radiocresatelital.com\/index.php?rest_route=\/wp\/v2\/media\/58862"}],"wp:attachment":[{"href":"https:\/\/radiocresatelital.com\/index.php?rest_route=%2Fwp%2Fv2%2Fmedia&parent=58861"}],"wp:term":[{"taxonomy":"category","embeddable":true,"href":"https:\/\/radiocresatelital.com\/index.php?rest_route=%2Fwp%2Fv2%2Fcategories&post=58861"},{"taxonomy":"post_tag","embeddable":true,"href":"https:\/\/radiocresatelital.com\/index.php?rest_route=%2Fwp%2Fv2%2Ftags&post=58861"}],"curies":[{"name":"wp","href":"https:\/\/api.w.org\/{rel}","templated":true}]}}