{"id":58843,"date":"2026-08-31T16:24:10","date_gmt":"2026-08-31T16:24:10","guid":{"rendered":"https:\/\/radiocresatelital.com\/?p=58843"},"modified":"2026-08-31T16:24:42","modified_gmt":"2026-08-31T16:24:42","slug":"lionel-messi-se-despide-del-futbol-mundial","status":"publish","type":"post","link":"https:\/\/radiocresatelital.com\/?p=58843","title":{"rendered":"Lionel Messi se despide del f\u00fatbol Mundial"},"content":{"rendered":"<div class=\"text-module__text__0GDob text-module__dark-grey__UFC18 text-module__regular__qJJtA text-module__small__sph8i body-module__full_width__kCIGb body-module__small_body__gOmDf article-body-module__paragraph__Ts-yF\" data-testid=\"paragraph-0\"><span dir=\"auto\">Miami.- El delantero argentino Lionel Messi ha indiciado que colgar\u00e1 los botines. <\/span><span dir=\"auto\">anunci\u00f3<\/span><span dir=\"auto\">\u00a0el lunes su retiro del f\u00fatbol internacional.<\/span><\/div>\n<div data-testid=\"paragraph-0\"><\/div>\n<div data-testid=\"paragraph-0\">En su cuenta de Instagram escribi\u00f3 lo siguiente:<\/div>\n<div data-testid=\"paragraph-0\">\n<p><strong>Despu\u00e9s de este tiempo que pas\u00f3 desde la final, pens\u00e1ndolo mucho, quiero comunicarles a todos que me retiro de la Selecci\u00f3n\u2026<\/strong><\/p>\n<p><strong>Fue una decisi\u00f3n que doli\u00f3 y duele en el alma pero entiendo que es el momento. Les juro que siempre dej\u00e9 todo, no solo los \u00faltimos a\u00f1os que se gan\u00f3 todo antes tambi\u00e9n y siempre pele\u00e9 y me dej\u00e9 todo por esta camiseta, por darles alegr\u00edas y hacer que se sientan orgullosos de ser argentinos a trav\u00e9s del f\u00fatbol.<\/strong><\/p>\n<p><strong>Queda poco y se van cerrando etapas y esta es una que me duele mucho. Amo, am\u00e9 y amar\u00e9 siempre estar en la Selecci\u00f3n. Me vaci\u00e9, ya no tengo m\u00e1s para dar y aparte vienen chicos muy grandes atr\u00e1s que merecen estar.<\/strong><\/p>\n<p><strong>Gracias por todo el cari\u00f1o de estos 20 a\u00f1os. Voy a extra\u00f1ar mucho escucharlos desde adentro. Ahora voy a ser uno m\u00e1s de ustedes, alentando y bancando siempre desde afuera (en las buenas y en las malas, mucho m\u00e1s).<\/strong><\/p>\n<p><strong>Gracias a mi familia por estar siempre, por acompa\u00f1arme en este viaje tan hermoso pero dif\u00edcil. Gracias a cada uno de entrenadores, compa\u00f1eros y dirigentes que me toc\u00f3 compartir. Me llevo recuerdos y momentos inolvidables vividos.<\/strong><\/p>\n<p><strong>Me voy con la tranquilidad y el orgullo de haberles regalado, juntos con mis compa\u00f1eros, momentos so\u00f1ados. Fue una locura haberlo vivido con ustedes. \u00a1Los quiero!<\/strong><\/p>\n<p><strong>Gracias Dios por hacerme argentino.<\/strong><\/p>\n<p><strong>\u00a1Vamos Argentina!<\/strong><\/p>\n<p><strong>*Estas palabras las escrib\u00ed el 21 de julio, dos d\u00edas despu\u00e9s de la final. Hoy despu\u00e9s de lo de mi pap\u00e1, estoy m\u00e1s convencido que antes.<\/strong><\/p>\n<\/div>\n<div data-testid=\"paragraph-0\">A continuaci\u00f3n detalles de su vida futbol\u00edstica en los clubes y su paso pro la selecci\u00f3n Argentina:<\/div>\n<p class=\"text-module__text__0GDob text-module__dark-grey__UFC18 text-module__medium__2Rl30 text-module__heading_6__u1KdJ heading-module__base__p-zaD heading-module__heading_6__-zrtS article-body-module__heading__KTJKz\" data-testid=\"Heading\"><strong><span dir=\"auto\">BARCELONA<\/span><\/strong><\/p>\n<div class=\"text-module__text__0GDob text-module__dark-grey__UFC18 text-module__regular__qJJtA text-module__small__sph8i body-module__full_width__kCIGb body-module__small_body__gOmDf article-body-module__paragraph__Ts-yF\" data-testid=\"paragraph-2\"><span dir=\"auto\">* Se uni\u00f3 al Barcelona a los 13 a\u00f1os en el a\u00f1o 2000 y brill\u00f3 en las categor\u00edas inferiores antes de debutar con el primer equipo a los 16 a\u00f1os en un partido amistoso contra el Porto en 2003.<\/span><\/div>\n<div class=\"text-module__text__0GDob text-module__dark-grey__UFC18 text-module__regular__qJJtA text-module__small__sph8i body-module__full_width__kCIGb body-module__small_body__gOmDf article-body-module__paragraph__Ts-yF\" data-testid=\"paragraph-3\"><span dir=\"auto\">* Debut\u00f3 en La Liga en octubre de 2004 y marc\u00f3 su primer gol en liga en mayo del a\u00f1o siguiente en un partido contra el Albacete.<\/span><\/div>\n<div class=\"text-module__text__0GDob text-module__dark-grey__UFC18 text-module__regular__qJJtA text-module__small__sph8i body-module__full_width__kCIGb body-module__small_body__gOmDf article-body-module__paragraph__Ts-yF\" data-testid=\"paragraph-4\"><span dir=\"auto\">* Entre 2004 y 2021, gan\u00f3 10 t\u00edtulos de La Liga, siete Copas del Rey, siete Supercopas de Espa\u00f1a, cuatro Ligas de Campeones, tres Supercopas de Europa y tres Mundiales de Clubes de la FIFA.<\/span><\/div>\n<div class=\"text-module__text__0GDob text-module__dark-grey__UFC18 text-module__regular__qJJtA text-module__small__sph8i body-module__full_width__kCIGb body-module__small_body__gOmDf article-body-module__paragraph__Ts-yF\" data-testid=\"paragraph-5\"><span dir=\"auto\">* Desempe\u00f1\u00f3 un papel clave en la consecuci\u00f3n de seis t\u00edtulos por parte del Bar\u00e7a en el a\u00f1o natural 2009 y ofreci\u00f3 actuaciones brillantes en la temporada 2014-15, en la que lograron el triplete.<\/span><\/div>\n<div data-testid=\"paragraph-5\"><img decoding=\"async\" src=\"https:\/\/estaticos-cdn.prensaiberica.es\/clip\/b8bece00-e3fb-423a-8d42-e173a4ba61f4_alta-libre-aspect-ratio_default_0.jpg\" alt=\"La vuelta de Messi al Bar\u00e7a: 'Segundas partes nunca fueron buenas'&quot;\" \/><\/div>\n<div class=\"text-module__text__0GDob text-module__dark-grey__UFC18 text-module__regular__qJJtA text-module__small__sph8i body-module__full_width__kCIGb body-module__small_body__gOmDf article-body-module__paragraph__Ts-yF\" data-testid=\"paragraph-6\"><span dir=\"auto\">* Finaliz\u00f3 2012 con 91 goles en todas las competiciones, un r\u00e9cord para un a\u00f1o natural, y pulveriz\u00f3 el r\u00e9cord goleador de La Liga en una temporada en 2011-12 con 50 goles.<\/span><\/div>\n<div class=\"text-module__text__0GDob text-module__dark-grey__UFC18 text-module__regular__qJJtA text-module__small__sph8i body-module__full_width__kCIGb body-module__small_body__gOmDf article-body-module__paragraph__Ts-yF\" data-testid=\"paragraph-7\"><span dir=\"auto\">* Tras la temporada 2019-20 sin t\u00edtulos del Barcelona, \u200b\u200bel capit\u00e1n del club expres\u00f3 su deseo de marcharse, pero decidi\u00f3 cumplir su contrato hasta 2021.<\/span><\/div>\n<div class=\"text-module__text__0GDob text-module__dark-grey__UFC18 text-module__regular__qJJtA text-module__small__sph8i body-module__full_width__kCIGb body-module__small_body__gOmDf article-body-module__paragraph__Ts-yF\" data-testid=\"paragraph-8\"><span dir=\"auto\">* Quer\u00eda quedarse en el Bar\u00e7a, pero el club dijo que no pod\u00edan renovar su contrato debido a obst\u00e1culos econ\u00f3micos y estructurales.<\/span><\/div>\n<div class=\"text-module__text__0GDob text-module__dark-grey__UFC18 text-module__regular__qJJtA text-module__small__sph8i body-module__full_width__kCIGb body-module__small_body__gOmDf article-body-module__paragraph__Ts-yF\" data-testid=\"paragraph-9\"><span dir=\"auto\">* Abandon\u00f3 el Barcelona en agosto de 2021 como su m\u00e1ximo goleador hist\u00f3rico.<\/span><\/div>\n<p class=\"text-module__text__0GDob text-module__dark-grey__UFC18 text-module__medium__2Rl30 text-module__heading_6__u1KdJ heading-module__base__p-zaD heading-module__heading_6__-zrtS article-body-module__heading__KTJKz\" data-testid=\"Heading\"><strong><span dir=\"auto\">PAR\u00cdS SAN GERMANO<\/span><\/strong><\/p>\n<div class=\"text-module__text__0GDob text-module__dark-grey__UFC18 text-module__regular__qJJtA text-module__small__sph8i body-module__full_width__kCIGb body-module__small_body__gOmDf article-body-module__paragraph__Ts-yF\" data-testid=\"paragraph-10\"><span dir=\"auto\">* Se uni\u00f3 al PSG en agosto de 2021.<\/span><\/div>\n<div class=\"text-module__text__0GDob text-module__dark-grey__UFC18 text-module__regular__qJJtA text-module__small__sph8i body-module__full_width__kCIGb body-module__small_body__gOmDf article-body-module__paragraph__Ts-yF\" data-testid=\"paragraph-11\"><span dir=\"auto\">* Gan\u00f3 un t\u00edtulo de la Ligue 1 en su temporada de debut, pero solo logr\u00f3 11 goles en todas las competiciones.<br \/>\n<img decoding=\"async\" src=\"https:\/\/c.files.bbci.co.uk\/F332\/production\/_119885226_messi.jpg\" alt=\"Messi ficha por el PSG: &quot;Todo en el club coincide con mis ambiciones futbol\u00edsticas&quot; - BBC News Mundo\" \/><br \/>\n<\/span><\/div>\n<div class=\"text-module__text__0GDob text-module__dark-grey__UFC18 text-module__regular__qJJtA text-module__small__sph8i body-module__full_width__kCIGb body-module__small_body__gOmDf article-body-module__paragraph__Ts-yF\" data-testid=\"paragraph-12\"><span dir=\"auto\">* Gan\u00f3 el Trofeo de Campeones de 2022 antes de conseguir otro t\u00edtulo de la Ligue 1 en la temporada 2022-23.<\/span><\/div>\n<p class=\"text-module__text__0GDob text-module__dark-grey__UFC18 text-module__medium__2Rl30 text-module__heading_6__u1KdJ heading-module__base__p-zaD heading-module__heading_6__-zrtS article-body-module__heading__KTJKz\" data-testid=\"Heading\"><strong><span dir=\"auto\">INTER MIAMI<\/span><\/strong><\/p>\n<div class=\"text-module__text__0GDob text-module__dark-grey__UFC18 text-module__regular__qJJtA text-module__small__sph8i body-module__full_width__kCIGb body-module__small_body__gOmDf article-body-module__paragraph__Ts-yF\" data-testid=\"paragraph-13\"><span dir=\"auto\">* Se uni\u00f3 al Inter Miami de la Major League Soccer en julio de 2023 y fue su capit\u00e1n al conseguir el t\u00edtulo de la Leagues Cup, su primer trofeo en la historia.<\/span><\/div>\n<div class=\"text-module__text__0GDob text-module__dark-grey__UFC18 text-module__regular__qJJtA text-module__small__sph8i body-module__full_width__kCIGb body-module__small_body__gOmDf article-body-module__paragraph__Ts-yF\" data-testid=\"paragraph-14\"><span dir=\"auto\">* Gui\u00f3 a Miami hacia el premio Supporters&#8217; Shield de 2024.<br \/>\n<img decoding=\"async\" src=\"https:\/\/www.eluniverso.com\/resizer\/v2\/NBCFVW2MMRH2BLACFTX5OZNB4Y.jpg?auth=664bfcec5ea1dd7a15618774265ee642a40765d6394988f03397fd55b2c390fc&amp;width=1005&amp;height=670&amp;quality=75&amp;smart=true\" alt=\"Lionel Messi analiza dejar el Inter de Miami antes del Mundial 2026 para enfocarse en la selecci\u00f3n argentina | F\u00fatbol | Deportes | El Universo\" \/><br \/>\n<\/span><\/div>\n<div class=\"text-module__text__0GDob text-module__dark-grey__UFC18 text-module__regular__qJJtA text-module__small__sph8i body-module__full_width__kCIGb body-module__small_body__gOmDf article-body-module__paragraph__Ts-yF\" data-testid=\"paragraph-15\"><span dir=\"auto\">* Se convirti\u00f3 en el jugador m\u00e1s r\u00e1pido en la historia de la MLS en alcanzar los 40 goles en la liga en 2025 y llev\u00f3 al Miami a su primer campeonato de liga.<\/span><\/div>\n<div class=\"text-module__text__0GDob text-module__dark-grey__UFC18 text-module__regular__qJJtA text-module__small__sph8i body-module__full_width__kCIGb body-module__small_body__gOmDf article-body-module__paragraph__Ts-yF\" data-testid=\"paragraph-16\"><span dir=\"auto\">* Super\u00f3 al h\u00fangaro Ferenc Puskas para convertirse en el l\u00edder hist\u00f3rico en asistencias de carrera en todas las competiciones en 2025.<\/span><\/div>\n<p class=\"text-module__text__0GDob text-module__dark-grey__UFC18 text-module__medium__2Rl30 text-module__heading_6__u1KdJ heading-module__base__p-zaD heading-module__heading_6__-zrtS article-body-module__heading__KTJKz\" data-testid=\"Heading\"><strong><span dir=\"auto\">ARGENTINA<\/span><\/strong><\/p>\n<p class=\"text-module__text__0GDob text-module__dark-grey__UFC18 text-module__medium__2Rl30 text-module__heading_6__u1KdJ heading-module__base__p-zaD heading-module__heading_6__-zrtS article-body-module__heading__KTJKz\" data-testid=\"Heading\"><span style=\"font-size: 16px;\">* Lider\u00f3 a Argentina hacia el t\u00edtulo del Campeonato Mundial Juvenil de 2005, anotando dos penaltis en la victoria por 2-1 sobre Nigeria.<br \/>\n<\/span><span dir=\"auto\">* Hizo su debut con el primer equipo como suplente en un partido amistoso contra Hungr\u00eda en agosto de 2005, pero fue expulsado despu\u00e9s de menos de un minuto por darle un codazo a un oponente que le tir\u00f3 de la camiseta.<br \/>\n<\/span><span dir=\"auto\">* Tuvo una participaci\u00f3n muy discreta en el Mundial de 2006. Argentina fue eliminada en los cuartos de final.<br \/>\n<\/span><span dir=\"auto\">* Lider\u00f3 a Argentina a la medalla de oro en los Juegos Ol\u00edmpicos de Pek\u00edn 2008.<br \/>\n<\/span><span dir=\"auto\">* No logr\u00f3 marcar en el Mundial de 2010. Argentina fue eliminada en cuartos de final.<br \/>\n<\/span><span dir=\"auto\">* Capitane\u00f3 a Argentina en la final del Mundial de 2014, donde perdieron 1-0 ante Alemania. Messi, que marc\u00f3 cuatro goles en la final, gan\u00f3 el Bal\u00f3n de Oro como mejor jugador del torneo.<br \/>\n<\/span><span dir=\"auto\">* Disput\u00f3 su segunda final de la Copa Am\u00e9rica con Argentina en 2015, la cual perdieron en la tanda de penaltis contra Chile.<\/span><\/p>\n<p class=\"text-module__text__0GDob text-module__dark-grey__UFC18 text-module__medium__2Rl30 text-module__heading_6__u1KdJ heading-module__base__p-zaD heading-module__heading_6__-zrtS article-body-module__heading__KTJKz\" data-testid=\"Heading\"><span dir=\"auto\"><img decoding=\"async\" src=\"https:\/\/i0.wp.com\/efe.com\/wp-content\/uploads\/2026\/08\/Messi-seleccion-2.webp?resize=900%2C590&amp;ssl=1\" alt=\"Lionel Messi se retira de la selecci\u00f3n argentina: &quot;Me vaci\u00e9, ya no tengo m\u00e1s para dar&quot;\" \/><\/span><span dir=\"auto\">* Marc\u00f3 un triplete en 18 minutos tras entrar desde el banquillo en la victoria de Argentina por 5-0 sobre Panam\u00e1 en la Copa Am\u00e9rica Centenario 2016.<br \/>\n<\/span><span dir=\"auto\">* Estableci\u00f3 un r\u00e9cord de 55 goles para Argentina cuando anot\u00f3 en la victoria por 4-0 sobre Estados Unidos en las semifinales.<br \/>\n<\/span><span dir=\"auto\">* Estuvo en el equipo perdedor tras la derrota en la tanda de penaltis contra Chile en la final del centenario y dijo que se retiraba de las selecciones nacionales.<br \/>\n<\/span><span dir=\"auto\">* Regres\u00f3 a la selecci\u00f3n nacional en agosto de 2016 y ayud\u00f3 a asegurar su lugar en la Copa Mundial de 2018 con un triplete contra Ecuador en el \u00faltimo partido de las eliminatorias.<br \/>\n<\/span><span dir=\"auto\">* Registr\u00f3 un gol y dos asistencias en la Copa Mundial de 2018, donde Argentina fue eliminada en los octavos de final.<br \/>\n<\/span><span dir=\"auto\">* Gan\u00f3 la Copa Am\u00e9rica 2021, poniendo fin a la sequ\u00eda de t\u00edtulos de la naci\u00f3n que duraba 28 a\u00f1os, y fue nombrado mejor jugador del torneo, contribuyendo a nueve de los 12 goles de Argentina.<br \/>\n<\/span><span dir=\"auto\">* Gui\u00f3 a Argentina a otra victoria sobre Italia en la Final\u00edsima 2022.<br \/>\n<\/span><span dir=\"auto\">En el Mundial de 2022, Messi anot\u00f3 dos goles en la final para ayudar a Argentina a vencer a Francia y alzarse con su primera Copa del Mundo en 36 a\u00f1os. Se convirti\u00f3 en el primer jugador en ganar el Bal\u00f3n de Oro dos veces tras registrar siete goles y tres asistencias.<br \/>\n<\/span><span dir=\"auto\">* Alcanz\u00f3 los 100 goles internacionales en 2023.<br \/>\n<\/span><span dir=\"auto\">* Gan\u00f3 la Copa Am\u00e9rica en 2024 y m\u00e1s tarde ese mismo a\u00f1o se convirti\u00f3 en el m\u00e1ximo asistente de todos los tiempos en el f\u00fatbol internacional masculino.<br \/>\n<\/span><span dir=\"auto\">* Marc\u00f3 dos goles contra Austria en el Mundial de 2026, convirti\u00e9ndose en el m\u00e1ximo goleador hist\u00f3rico del torneo con 18 goles. A\u00f1adi\u00f3 tres m\u00e1s para un total de 21, pero fue superado por Kylian Mbapp\u00e9 de Francia.<br \/>\n<\/span><span dir=\"auto\">* Anot\u00f3 ocho goles y dio cuatro asistencias para guiar a Argentina a la final, donde perdi\u00f3 1-0 en la pr\u00f3rroga contra Espa\u00f1a.<br \/>\n<\/span><span dir=\"auto\">* Se convirti\u00f3 en el segundo jugador en participar en tres finales de la Copa del Mundo y en el jugador de campo de mayor edad en la final mundial.<\/span><\/p>\n","protected":false},"excerpt":{"rendered":"<p>Miami.- El delantero argentino Lionel Messi ha indiciado que colgar\u00e1 los botines. anunci\u00f3\u00a0el lunes su retiro del f\u00fatbol internacional. En su cuenta de Instagram escribi\u00f3 lo siguiente: Despu\u00e9s de este tiempo que pas\u00f3 desde la final, pens\u00e1ndolo mucho, quiero comunicarles a todos que me retiro de la Selecci\u00f3n\u2026 Fue una decisi\u00f3n que doli\u00f3 y duele [&hellip;]<\/p>\n","protected":false},"author":2,"featured_media":58844,"comment_status":"open","ping_status":"closed","sticky":false,"template":"","format":"standard","meta":{"footnotes":""},"categories":[7],"tags":[320],"class_list":["post-58843","post","type-post","status-publish","format-standard","has-post-thumbnail","hentry","category-futbol-internacional","tag-lionel-messi"],"_links":{"self":[{"href":"https:\/\/radiocresatelital.com\/index.php?rest_route=\/wp\/v2\/posts\/58843","targetHints":{"allow":["GET"]}}],"collection":[{"href":"https:\/\/radiocresatelital.com\/index.php?rest_route=\/wp\/v2\/posts"}],"about":[{"href":"https:\/\/radiocresatelital.com\/index.php?rest_route=\/wp\/v2\/types\/post"}],"author":[{"embeddable":true,"href":"https:\/\/radiocresatelital.com\/index.php?rest_route=\/wp\/v2\/users\/2"}],"replies":[{"embeddable":true,"href":"https:\/\/radiocresatelital.com\/index.php?rest_route=%2Fwp%2Fv2%2Fcomments&post=58843"}],"version-history":[{"count":2,"href":"https:\/\/radiocresatelital.com\/index.php?rest_route=\/wp\/v2\/posts\/58843\/revisions"}],"predecessor-version":[{"id":58846,"href":"https:\/\/radiocresatelital.com\/index.php?rest_route=\/wp\/v2\/posts\/58843\/revisions\/58846"}],"wp:featuredmedia":[{"embeddable":true,"href":"https:\/\/radiocresatelital.com\/index.php?rest_route=\/wp\/v2\/media\/58844"}],"wp:attachment":[{"href":"https:\/\/radiocresatelital.com\/index.php?rest_route=%2Fwp%2Fv2%2Fmedia&parent=58843"}],"wp:term":[{"taxonomy":"category","embeddable":true,"href":"https:\/\/radiocresatelital.com\/index.php?rest_route=%2Fwp%2Fv2%2Fcategories&post=58843"},{"taxonomy":"post_tag","embeddable":true,"href":"https:\/\/radiocresatelital.com\/index.php?rest_route=%2Fwp%2Fv2%2Ftags&post=58843"}],"curies":[{"name":"wp","href":"https:\/\/api.w.org\/{rel}","templated":true}]}}