{"id":587,"date":"2023-06-30T21:41:24","date_gmt":"2023-06-30T21:41:24","guid":{"rendered":"https:\/\/radiocresatelital.com\/?p=587"},"modified":"2023-06-30T21:41:24","modified_gmt":"2023-06-30T21:41:24","slug":"bvg-participa-en-el-v-foro-internacional-de-emisores-de-los-mercados-de-valores-de-las-americas-2023","status":"publish","type":"post","link":"https:\/\/radiocresatelital.com\/?p=587","title":{"rendered":"BVG participa en el V Foro Internacional de Emisores de los Mercados de Valores de las Am\u00e9ricas 2023"},"content":{"rendered":"<p class=\"x_MsoNormal\">Guayaquil.- La Bolsa de Valores Guayaquil (BVG), entidad burs\u00e1til con 53 a\u00f1os de trayectoria en el mercado ecuatoriano, particip\u00f3 en el V Foro Internacional de Emisores de los Mercados de Valores de las Am\u00e9ricas FIMVA 2023, celebrado en El Salvador.<\/p>\n<p>Este evento de la Asociaci\u00f3n de Mercados de Capitales de Am\u00e9rica AMERCA, re\u00fane anualmente a 10 bolsas de valores y a los participantes de su sectores y representa una oportunidad para compartir experiencias y mejores pr\u00e1cticas con otros mercados de valores de Am\u00e9rica Latina.<\/p>\n<p class=\"x_MsoNormal\">Con el objetivo de fomentar el intercambio de conocimientos y promover la integraci\u00f3n regional del mercado de valores, FIMVA 2023 alberg\u00f3 a 400 invitados y 150 invitados entre emisores e inversionistas de diversos pa\u00edses. En esta edici\u00f3n, que se desarroll\u00f3 en dos d\u00edas, se cont\u00f3 con 16 exposiciones de importantes empresas emisoras de la regi\u00f3n.<\/p>\n<p class=\"x_MsoNormal\">En el marco de las ponencias, se realiz\u00f3 la intervenci\u00f3n de un representante de Corporaci\u00f3n El Rosado S.A., destacado holding empresarial ecuatoriano que ha incursionado exitosamente en el mercado de valores.<\/p>\n<p class=\"x_MsoNormal\">De esta manera, la Bolsa de Valores Guayaquil ratifica su compromiso de continuar impulsando el desarrollo del mercado de valores ecuatoriano y promover la integraci\u00f3n regional del sector burs\u00e1til; al reconocer que la colaboraci\u00f3n entre los distintos mercados es fundamental para potenciar el crecimiento econ\u00f3mico y brindar mayores oportunidades de inversi\u00f3n en la regi\u00f3n.<\/p>\n","protected":false},"excerpt":{"rendered":"<p>Guayaquil.- La Bolsa de Valores Guayaquil (BVG), entidad burs\u00e1til con 53 a\u00f1os de trayectoria en el mercado ecuatoriano, particip\u00f3 en el V Foro Internacional de Emisores de los Mercados de Valores de las Am\u00e9ricas FIMVA 2023, celebrado en El Salvador. Este evento de la Asociaci\u00f3n de Mercados de Capitales de Am\u00e9rica AMERCA, re\u00fane anualmente a [&hellip;]<\/p>\n","protected":false},"author":2,"featured_media":588,"comment_status":"open","ping_status":"closed","sticky":false,"template":"","format":"standard","meta":{"_jetpack_memberships_contains_paid_content":false,"footnotes":""},"categories":[13],"tags":[146],"class_list":["post-587","post","type-post","status-publish","format-standard","has-post-thumbnail","hentry","category-noticias-nacionales","tag-bolsa-valores-de-guayaquil"],"jetpack_featured_media_url":"https:\/\/radiocresatelital.com\/wp-content\/uploads\/2023\/06\/thumbnail_SRS_7435.jpg","jetpack_sharing_enabled":true,"_links":{"self":[{"href":"https:\/\/radiocresatelital.com\/index.php?rest_route=\/wp\/v2\/posts\/587","targetHints":{"allow":["GET"]}}],"collection":[{"href":"https:\/\/radiocresatelital.com\/index.php?rest_route=\/wp\/v2\/posts"}],"about":[{"href":"https:\/\/radiocresatelital.com\/index.php?rest_route=\/wp\/v2\/types\/post"}],"author":[{"embeddable":true,"href":"https:\/\/radiocresatelital.com\/index.php?rest_route=\/wp\/v2\/users\/2"}],"replies":[{"embeddable":true,"href":"https:\/\/radiocresatelital.com\/index.php?rest_route=%2Fwp%2Fv2%2Fcomments&post=587"}],"version-history":[{"count":1,"href":"https:\/\/radiocresatelital.com\/index.php?rest_route=\/wp\/v2\/posts\/587\/revisions"}],"predecessor-version":[{"id":589,"href":"https:\/\/radiocresatelital.com\/index.php?rest_route=\/wp\/v2\/posts\/587\/revisions\/589"}],"wp:featuredmedia":[{"embeddable":true,"href":"https:\/\/radiocresatelital.com\/index.php?rest_route=\/wp\/v2\/media\/588"}],"wp:attachment":[{"href":"https:\/\/radiocresatelital.com\/index.php?rest_route=%2Fwp%2Fv2%2Fmedia&parent=587"}],"wp:term":[{"taxonomy":"category","embeddable":true,"href":"https:\/\/radiocresatelital.com\/index.php?rest_route=%2Fwp%2Fv2%2Fcategories&post=587"},{"taxonomy":"post_tag","embeddable":true,"href":"https:\/\/radiocresatelital.com\/index.php?rest_route=%2Fwp%2Fv2%2Ftags&post=587"}],"curies":[{"name":"wp","href":"https:\/\/api.w.org\/{rel}","templated":true}]}}