{"id":5830,"date":"2023-10-13T03:47:01","date_gmt":"2023-10-13T03:47:01","guid":{"rendered":"https:\/\/radiocresatelital.com\/?p=5830"},"modified":"2023-10-13T03:47:01","modified_gmt":"2023-10-13T03:47:01","slug":"veronica-abad-candidata-a-la-vicepresidencia-de-la-republica-por-adn-concluyo-su-recorrido-de-cierre-de-campana-junto-a-la-comunidad-siona-aboquehuira","status":"publish","type":"post","link":"https:\/\/radiocresatelital.com\/?p=5830","title":{"rendered":"Ver\u00f3nica Abad candidata a la vicepresidencia de la rep\u00fablica por ADN, concluy\u00f3 su recorrido de cierre de campa\u00f1a junto a la comunidad Siona Aboqu\u00ebhuira"},"content":{"rendered":"<p>Shushufindi.- En la provincia de Sucumb\u00edos, cant\u00f3n Shushufindi, Ver\u00f3nica Abad candidata a la vicepresidencia de la rep\u00fablica por ADN, concluy\u00f3 su recorrido de cierre de campa\u00f1a junto a la comunidad Siona Aboqu\u00ebhuira, comunidad firme en su visi\u00f3n de conservar su territorio y mantener su cultura. Compuesto por 17 familias, 70 personas. 2 adultos mayores, 27 adultos, 10 j\u00f3venes y 17 ni\u00f1os.<\/p>\n<p>Para llegar a la comunidad es v\u00eda terrestre, se ingresa por la comunidad \u00a8La Pantera\u00a8 hasta llegar al R\u00edo Eno. Desde el r\u00edo Eno se recorre v\u00eda fluvial 14 km hasta llegar al r\u00edo Aguarico para recorrer 5 km hasta llegar a la comunidad.<\/p>\n<p>Su recibimiento fue muy emotivo por miembros de la comunidad Siona Aboqu\u00ebhuira, que la abrazaron al ver como les sonre\u00eda al acercarse. La acompa\u00f1aron en toda su trayectoria en la quilla de madera, que es transporte manual fluvial.<\/p>\n<p>Al visitar la comunidad, Ver\u00f3nica conoci\u00f3 la escuela Atahualpa, la \u00fanica instituci\u00f3n educativa con la que cuenta la comunidad con un solo maestro y 15 ni\u00f1os estudiando desde primero a s\u00e9ptimo de b\u00e1sica. \u00abComo puede observar nosotros hemos sido desatendidos por los otros gobiernos, carecemos de servicios b\u00e1sicos, del internet, se\u00f1al de l\u00ednea telef\u00f3nicas, falta de ventilaci\u00f3n, los pocos \u00fatiles escolares b\u00e1sicos que se recibe son donaci\u00f3n de instituciones no gubernamentales y se terminan a mediado de a\u00f1o escolar. Solicitaron un espacio cerrado para que los ni\u00f1os puedan hacer deporte. Las bater\u00edas sanitarias est\u00e1n en p\u00e9simo estado, solicitamos su ayuda para que los ni\u00f1os puedan estudiar en buenas condiciones y tener mejores oportunidades<br \/>\nen su futuro\u00bb expres\u00f3 el profesor Luis Daquilema.<\/p>\n<p>Ver\u00f3nica Abad estrechando la mano del profesor y delante de los ni\u00f1os se comprometi\u00f3 a ayudar a esta comunidad con todo lo que necesiten para que tengan lo necesario para una mejor y adecuada educaci\u00f3n gratuita.<\/p>\n<p>La candidata convers\u00f3 con los ni\u00f1os, pregunt\u00e1ndole qu\u00e9 quieren ser cuando sean grandes y cu\u00e1les eran sus sue\u00f1os y muchos de ellos Contestaron \u00abQuiero ser alcaldesa, doctor\u00bb. \u00abNo desistan, que van a tener el total apoyo del gobierno Noboa &#8211; Abad, todos so\u00f1amos con un nuevo Ecuador y junto a Daniel haremos realidad ese sue\u00f1o para todos los ecuatorianos.<\/p>\n<p>Ver\u00f3nica Abad concluy\u00f3 \u00abGracias por todo su apoyo, mi coraz\u00f3n esta lleno de amor y esperanza, cerramos campa\u00f1a en uno de los lugares que m\u00e1s nos necesitan, Shushufindi, yo ya estuve ah\u00ed y no voy a olvidar lo maravilloso de su gente, lo mucho que hay por hacer, por eso cierro este ciclo social e inicio otro, aqu\u00ed junto a ustedes\u00bb.<\/p>\n","protected":false},"excerpt":{"rendered":"<p>Shushufindi.- En la provincia de Sucumb\u00edos, cant\u00f3n Shushufindi, Ver\u00f3nica Abad candidata a la vicepresidencia de la rep\u00fablica por ADN, concluy\u00f3 su recorrido de cierre de campa\u00f1a junto a la comunidad Siona Aboqu\u00ebhuira, comunidad firme en su visi\u00f3n de conservar su territorio y mantener su cultura. Compuesto por 17 familias, 70 personas. 2 adultos mayores, 27 [&hellip;]<\/p>\n","protected":false},"author":2,"featured_media":5831,"comment_status":"open","ping_status":"closed","sticky":false,"template":"","format":"standard","meta":{"_jetpack_memberships_contains_paid_content":false,"footnotes":""},"categories":[13],"tags":[810],"class_list":["post-5830","post","type-post","status-publish","format-standard","has-post-thumbnail","hentry","category-noticias-nacionales","tag-veronica-abad"],"jetpack_featured_media_url":"https:\/\/radiocresatelital.com\/wp-content\/uploads\/2023\/10\/photo_2023-10-12-20.36.43.jpeg","jetpack_sharing_enabled":true,"_links":{"self":[{"href":"https:\/\/radiocresatelital.com\/index.php?rest_route=\/wp\/v2\/posts\/5830","targetHints":{"allow":["GET"]}}],"collection":[{"href":"https:\/\/radiocresatelital.com\/index.php?rest_route=\/wp\/v2\/posts"}],"about":[{"href":"https:\/\/radiocresatelital.com\/index.php?rest_route=\/wp\/v2\/types\/post"}],"author":[{"embeddable":true,"href":"https:\/\/radiocresatelital.com\/index.php?rest_route=\/wp\/v2\/users\/2"}],"replies":[{"embeddable":true,"href":"https:\/\/radiocresatelital.com\/index.php?rest_route=%2Fwp%2Fv2%2Fcomments&post=5830"}],"version-history":[{"count":1,"href":"https:\/\/radiocresatelital.com\/index.php?rest_route=\/wp\/v2\/posts\/5830\/revisions"}],"predecessor-version":[{"id":5832,"href":"https:\/\/radiocresatelital.com\/index.php?rest_route=\/wp\/v2\/posts\/5830\/revisions\/5832"}],"wp:featuredmedia":[{"embeddable":true,"href":"https:\/\/radiocresatelital.com\/index.php?rest_route=\/wp\/v2\/media\/5831"}],"wp:attachment":[{"href":"https:\/\/radiocresatelital.com\/index.php?rest_route=%2Fwp%2Fv2%2Fmedia&parent=5830"}],"wp:term":[{"taxonomy":"category","embeddable":true,"href":"https:\/\/radiocresatelital.com\/index.php?rest_route=%2Fwp%2Fv2%2Fcategories&post=5830"},{"taxonomy":"post_tag","embeddable":true,"href":"https:\/\/radiocresatelital.com\/index.php?rest_route=%2Fwp%2Fv2%2Ftags&post=5830"}],"curies":[{"name":"wp","href":"https:\/\/api.w.org\/{rel}","templated":true}]}}