{"id":5814,"date":"2023-10-12T21:37:48","date_gmt":"2023-10-12T21:37:48","guid":{"rendered":"https:\/\/radiocresatelital.com\/?p=5814"},"modified":"2023-10-12T21:37:48","modified_gmt":"2023-10-12T21:37:48","slug":"avon-solca-quito-y-roche-unen-esfuerzos-por-la-deteccion-temprana-del-cancer-de-mama-en-ecuador","status":"publish","type":"post","link":"https:\/\/radiocresatelital.com\/?p=5814","title":{"rendered":"Avon, Solca Quito y Roche unen esfuerzos por la detecci\u00f3n temprana del C\u00e1ncer de Mama en Ecuador"},"content":{"rendered":"<p>Quito.- Promover la importancia del diagn\u00f3stico oportuno de c\u00e1ncer de mama y contribuir a la meta pa\u00eds, de reducir en un 25% las muertes tempranas en mujeres, es la raz\u00f3n que motiv\u00f3 a Avon, SOLCA Quito y Roche a lanzar la campa\u00f1a <strong>Ecuador por la detecci\u00f3n temprana del c\u00e1ncer de mama \u00a1Decide por ti!.<\/strong> Una iniciativa que implementar\u00e1 acciones colaborativas con diversos actores para trabajar en tres principales barreras que impiden que las mujeres accedan a la atenci\u00f3n y servicios de salud de prevenci\u00f3n, diagn\u00f3stico y tratamiento oportuno.<\/p>\n<p>En Ecuador, el c\u00e1ncer de mama es el de mayor incidencia y prevalencia dentro del c\u00e1ncer en general y de los c\u00e1nceres femeninos donde, 1 de cada 4 mujeres diagnosticadas lo padecen<a href=\"#_ftn1\" name=\"_ftnref1\"><sup>[1]<\/sup><\/a>, realidad que se agrava tomando en cuenta que se registra que un 73% del total de mujeres diagnosticadas con c\u00e1ncer de mama en Ecuador, llegan en estad\u00edos intermedios o avanzados. Seg\u00fan el Registro Nacional de Tumores de SOLCA Quito, en 2020 el 41% de casos se diagnosticaron en estad\u00edo II y el 32% en estad\u00edo III y IV. Esto implica que exista menos probabilidad de curaci\u00f3n<a href=\"#_ftn2\" name=\"_ftnref2\"><sup>[2]<\/sup><\/a>.<\/p>\n<p>Por ello, <em>\u201ctanto Roche como Avon hemos dedicado esfuerzos para generar conciencia sobre la importancia de realizarse el \u00fanico examen que es capaz de alertar y detectar a tiempo un posible caso de c\u00e1ncer, la mamograf\u00eda<\/em>\u201d, se\u00f1ala <strong>Juan Posada, Gerente General de Avon Ecuador. <\/strong><em>\u201cHoy, las dos compa\u00f1\u00edas nos unimos y sumamos nuestros esfuerzos junto a SOLCA Quito, instituci\u00f3n referente en la lucha contra el c\u00e1ncer a escala nacional dedicada a la prevenci\u00f3n, diagn\u00f3stico y tratamiento del c\u00e1ncer, para hacer frente a la necesidad de impulsar la detecci\u00f3n temprana enfrentando tres principales barreras\u201d,<\/em> indica.<\/p>\n<p>La campa\u00f1a busca disminuir las <strong>barreras informativas<\/strong> cerrando la brecha de conocimientos de las mujeres, sus familias y de la sociedad a trav\u00e9s de datos y contenidos que demuestren la problem\u00e1tica y despejen dudas, de la mano de m\u00e9dicos expertos, sobre la mejor forma de prevenir el c\u00e1ncer de mama, factores de riesgo, mitos y verdades sobre la mamograf\u00eda, condiciones gen\u00e9ticas, tratamientos, entre otros temas de inter\u00e9s a trav\u00e9s de la p\u00e1gina oficial <a href=\"https:\/\/ecuadorcancerdemama.com\/\">https:\/\/ecuadorcancerdemama.com\/<\/a> ; campa\u00f1as en redes sociales y medios de comunicaci\u00f3n.<\/p>\n<p>Abordar la segunda barrera, <strong>la socio-cultural<\/strong>, implica llevar esa informaci\u00f3n directamente a diferentes localidades con charlas especializadas a poblaciones y comunidades de las provincias de Pichincha, Imbabura, Cotopaxi, Tungurahua y Chimborazo donde existe oportunidad para empezar a crear conciencia, a trav\u00e9s de la educaci\u00f3n, sobre la mamograf\u00eda como \u00fanico mecanismo eficiente para detectar afecciones en las mamas.<\/p>\n<p><em>\u201cTodos estamos de acuerdo con la importancia de hablar del tema, perder el miedo al diagn\u00f3stico y comprender que la enfermedad tiene un impacto negativo, no solo en la vida de la mujer que la padece, sino en su entorno familiar, laboral, de comunidad y del pa\u00eds. Amplificar esta informaci\u00f3n es una de las tareas iniciales para fortalecer el mensaje de prevenci\u00f3n y atenci\u00f3n oportuna\u201d<\/em>, se\u00f1ala <strong>Carlos Serrano, Director de Acceso de Roche Ecuador<\/strong>. Asimismo, <em>\u201centendemos la necesidad de acercarnos a las comunidades donde las mujeres tienen una carga de trabajo dom\u00e9stico y de cuidados no remunerado superior a la de los hombres (19,6% vs. 7,3%<a href=\"#_ftn3\" name=\"_ftnref3\"><sup><strong>[3]<\/strong><\/sup><\/a>), limitando as\u00ed sus cuidados propios de salud o acceso a charlas educativas sobre la necesidad de realizarse ex\u00e1menes anuales para prevenir o detectar enfermedades como el c\u00e1ncer de mama de manera temprana<\/em>\u201d, menciona.<\/p>\n<p>Las charlas se realizar\u00e1n desde el mes de octubre de 2023 hasta septiembre de 2024. Ser\u00e1n m\u00e1s de 30 charlas impartidas por m\u00e9dicos especialistas que estar\u00e1n al alcance de la poblaci\u00f3n para conocer o romper mitos sobre el c\u00e1ncer de mama. Los espacios ser\u00e1n abiertos y la convocatoria se realizar\u00e1 a trav\u00e9s de los Gobiernos Aut\u00f3nomos Descentralizados, medios de comunicaci\u00f3n locales, instituciones educativas, entre otros.<\/p>\n<p>Esta alianza entre Avon, SOLCA Quito y Roche tiene tambi\u00e9n el prop\u00f3sito de contrarrestar una tercera barrera, <strong>la sist\u00e9mica<\/strong>, que dificulta el acceso de ciertas poblaciones, sobre todo rurales, a la atenci\u00f3n de salud preventiva o de diagn\u00f3stico, tomando en cuenta que seg\u00fan la Encuesta Nacional de Salud y Nutrici\u00f3n (Ensanut), elaborada por el INEC y publicada en enero de 2020, apenas el 29% de mujeres de 40 a 44 a\u00f1os se ha practicado una mamograf\u00eda y conforme disminuye su edad, el porcentaje tambi\u00e9n.<\/p>\n<p>Para ayudar a transformar esta realidad y aportar a la reducci\u00f3n de muertes tempranas de mujeres en un 25% a trav\u00e9s del acceso a un examen de diagn\u00f3stico, Avon y Roche unen esfuerzos y de la mano de SOLCA Quito realizar\u00e1n 1.000 mamograf\u00edas gratuitas a mujeres vulnerables de la provincia de Chimborazo, una provincia que tiene mayor poblaci\u00f3n femenina<a href=\"#_ftn4\" name=\"_ftnref4\"><sup>[4]<\/sup><\/a> seg\u00fan el censo realizado por INEC en el 2010 y cuenta con 16 localidades rurales, por lo que el aporte de la campa\u00f1a apoyar\u00e1 significativamente para el an\u00e1lisis oportuno de esta patolog\u00eda.<\/p>\n<p><em>\u00abEn SOLCA Quito sabemos que la detecci\u00f3n oportuna del c\u00e1ncer juega un papel importante en la lucha de esta enfermedad. El llegar a zonas rurales con acceso limitado al sistema de salud, sin duda contribuye a brindar una atenci\u00f3n inmediata\u00bb,<\/em> indica <strong>Jorge Cevallos, Presidente de SOLCA Quito n\u00facleo Quito.<\/strong> <em>\u201cEsta alianza nos demuestra que podemos sumar voluntades y transformarlas en trabajo real para generar un impacto positivo en las comunidades que m\u00e1s lo necesitan. En SOLCA Quito venimos atendiendo y apoyando a las personas afectadas por c\u00e1ncer por m\u00e1s de siete d\u00e9cadas y hoy, junto a Avon y Roche, estamos entusiasmados de poder llegar a localidades de Chimborazo como Pun\u00edn, Flores, Licto, Pungal\u00e1, San Luis, donde las mujeres de sectores rurales ser\u00e1n las m\u00e1s beneficiadas\u201d<\/em>, finaliza.<\/p>\n<p>A trav\u00e9s de la campa\u00f1a <strong>Ecuador por la detecci\u00f3n temprana del c\u00e1ncer de mama \u00a1Decide por ti!<\/strong> Roche, SOLCA Quito y Avon cumplen con el prop\u00f3sito de empoderar a las mujeres, sus familias y su entorno en el cuidado de su salud, sobre todo en la generaci\u00f3n de conciencia sobre el diagn\u00f3stico oportuno que les permitir\u00e1 mejorar su calidad de vida e incluso lograr su curaci\u00f3n.<\/p>\n<p><a href=\"#_ftnref1\" name=\"_ftn1\"><\/a><\/p>\n","protected":false},"excerpt":{"rendered":"<p>Quito.- Promover la importancia del diagn\u00f3stico oportuno de c\u00e1ncer de mama y contribuir a la meta pa\u00eds, de reducir en un 25% las muertes tempranas en mujeres, es la raz\u00f3n que motiv\u00f3 a Avon, SOLCA Quito y Roche a lanzar la campa\u00f1a Ecuador por la detecci\u00f3n temprana del c\u00e1ncer de mama \u00a1Decide por ti!. Una [&hellip;]<\/p>\n","protected":false},"author":2,"featured_media":5815,"comment_status":"open","ping_status":"closed","sticky":false,"template":"","format":"standard","meta":{"_jetpack_memberships_contains_paid_content":false,"footnotes":""},"categories":[84,13],"tags":[1020,1022,1021],"class_list":["post-5814","post","type-post","status-publish","format-standard","has-post-thumbnail","hentry","category-medicina","category-noticias-nacionales","tag-avon","tag-roche","tag-solca-quito"],"jetpack_featured_media_url":"https:\/\/radiocresatelital.com\/wp-content\/uploads\/2023\/10\/6800f07a-e8c7-44d1-9457-2c14e05d9735.jpeg","jetpack_sharing_enabled":true,"_links":{"self":[{"href":"https:\/\/radiocresatelital.com\/index.php?rest_route=\/wp\/v2\/posts\/5814","targetHints":{"allow":["GET"]}}],"collection":[{"href":"https:\/\/radiocresatelital.com\/index.php?rest_route=\/wp\/v2\/posts"}],"about":[{"href":"https:\/\/radiocresatelital.com\/index.php?rest_route=\/wp\/v2\/types\/post"}],"author":[{"embeddable":true,"href":"https:\/\/radiocresatelital.com\/index.php?rest_route=\/wp\/v2\/users\/2"}],"replies":[{"embeddable":true,"href":"https:\/\/radiocresatelital.com\/index.php?rest_route=%2Fwp%2Fv2%2Fcomments&post=5814"}],"version-history":[{"count":1,"href":"https:\/\/radiocresatelital.com\/index.php?rest_route=\/wp\/v2\/posts\/5814\/revisions"}],"predecessor-version":[{"id":5816,"href":"https:\/\/radiocresatelital.com\/index.php?rest_route=\/wp\/v2\/posts\/5814\/revisions\/5816"}],"wp:featuredmedia":[{"embeddable":true,"href":"https:\/\/radiocresatelital.com\/index.php?rest_route=\/wp\/v2\/media\/5815"}],"wp:attachment":[{"href":"https:\/\/radiocresatelital.com\/index.php?rest_route=%2Fwp%2Fv2%2Fmedia&parent=5814"}],"wp:term":[{"taxonomy":"category","embeddable":true,"href":"https:\/\/radiocresatelital.com\/index.php?rest_route=%2Fwp%2Fv2%2Fcategories&post=5814"},{"taxonomy":"post_tag","embeddable":true,"href":"https:\/\/radiocresatelital.com\/index.php?rest_route=%2Fwp%2Fv2%2Ftags&post=5814"}],"curies":[{"name":"wp","href":"https:\/\/api.w.org\/{rel}","templated":true}]}}